{"id":5451,"date":"2018-10-08T20:16:41","date_gmt":"2018-10-08T18:16:41","guid":{"rendered":"https:\/\/centers.ulbsibiu.ro\/ccsprise\/lact\/?p=5451"},"modified":"2018-10-08T20:16:41","modified_gmt":"2018-10-08T18:16:41","slug":"gov-md-intrevederile-viceprim-ministrului-cristina-lesnic-la-bucuresti","status":"publish","type":"post","link":"https:\/\/centers.ulbsibiu.ro\/ccsprise\/lact\/gov-md-intrevederile-viceprim-ministrului-cristina-lesnic-la-bucuresti\/","title":{"rendered":"Gov.md &#8211; \u00centrevederile Viceprim-ministrului Cristina Lesnic la Bucure\u0219ti"},"content":{"rendered":"<p><span style=\"display: inline !important; float: none; background-color: transparent; color: #00003d; font-family: Georgia,'Times New Roman',serif; font-size: 16px; font-size-adjust: none; font-stretch: 100%; font-style: normal; font-variant: normal; font-weight: bold; letter-spacing: -0.8px; line-height: 19.2px; orphans: 2; text-align: left; text-decoration: none; text-indent: 0px; text-transform: none; -webkit-text-stroke-width: 0px; white-space: normal; word-spacing: 0px;\">\u00centrevederea Viceprim-ministrului Cristina Lesnic cu Consilierul preziden\u021bial pentru politic\u0103 extern\u0103 din Rom\u00e2nia Bogdan Aurescu<\/span><\/p>\n<p>Cu prilejul efectu\u0103rii unei vizite de lucru la Bucure\u0219ti, Viceprim-ministrul Cristina Lesnic a avut ast\u0103zi, 08 octombrie curent, o \u00eentrevedere cu Consilierul preziden\u021bial pentru politic\u0103 extern\u0103 din Rom\u00e2nia Bogdan Aurescu.<\/p>\n<p>\u00cen cadrul acesteia oficialii au discutat o serie de aspecte de pe agenda bilateral\u0103, punct\u00e2nd posibilele modalit\u0103\u021bi de dezvoltare a cooper\u0103rii moldo-rom\u00e2ne pe diverse dimensiuni tehnice \u0219i relev\u00e2nd deplina deschidere \u00eentru a men\u021bine o conlucrare eficient\u0103, orientat\u0103 spre promovarea priorit\u0103\u021bilor de interes comun, inclusiv la compartimentul avans\u0103rii parcursului european al Republicii Moldova.<\/p>\n<p>Dialogul interlocutorilor a continuat pe marginea problematicii transnistrene, cu trecerea \u00een revist\u0103 a principalelor evolu\u021bii marcate pe cele mai actuale subiecte de pe agenda negocierilor, a eforturilor depuse de c\u0103tre partea moldoveneasc\u0103 \u00een vederea dinamiz\u0103rii procesului \u0219i a ini\u021biativelor pozitive realizate \u00een interesul locuitorilor de pe ambele maluri ale Nistrului, fiind eviden\u021biat interesul p\u0103r\u021bii rom\u00e2ne de a contribui la sprijinirea procesului de reglementare prin implementarea proiectelor menite s\u0103 apropie malurile \u0219i s\u0103 promoveze dezvoltarea social-economic\u0103 durabil\u0103.<\/p>\n<p>Oficialii au exprimat \u00eencrederea \u00eentr-o viitoare colaborare fructuoas\u0103 \u0219i au punctat asupra necesit\u0103\u021bii de a fortifica interac\u021biunea \u00eentru realizarea cu succes a reformelor structurale asumate de c\u0103tre Republica Moldova \u0219i\u00a0Rom\u00e2nia.<\/p>\n<p>Sursa:\u00a0<a href=\"https:\/\/gov.md\/ro\/content\/intrevederea-viceprim-ministrului-cristina-lesnic-cu-consilierul-prezidential-pentru\">https:\/\/gov.md\/<\/a><\/p>\n<p>&nbsp;<\/p>\n<p><span style=\"display: inline !important; float: none; background-color: transparent; color: #00003d; font-family: Georgia,'Times New Roman',serif; font-size: 16px; font-size-adjust: none; font-stretch: 100%; font-style: normal; font-variant: normal; font-weight: bold; letter-spacing: -0.8px; line-height: 19.2px; orphans: 2; text-align: left; text-decoration: none; text-indent: 0px; text-transform: none; -webkit-text-stroke-width: 0px; white-space: normal; word-spacing: 0px;\">\u00centrevederea Viceprim-ministrului Cristina Lesnic cu Secretarul de stat din cadrul Ministerului Afacerilor Externe al Rom\u00e2niei Dan Necul\u0103escu<\/span><\/p>\n<p>Urmare a \u00eentreprinderii unei vizite oficiale la Bucure\u0219ti, ast\u0103zi, 08 octombrie curent, Viceprim-ministrul Cristina Lesnic a avut o \u00eentrevedere de lucru cu Secretarul de stat pentru rela\u021bii cu vecin\u0103tatea estic\u0103 \u0219i rela\u021bii multilaterale la nivel global din cadrul Ministerului Afacerilor Externe al Rom\u00e2niei Dan Necul\u0103escu.<\/p>\n<p>Subiectele de discu\u021bie au vizat mai multe aspecte de pe agenda bilateral\u0103 \u0219i cea de integrare european\u0103, angajamentele asumate de c\u0103tre Republica Moldova prin agenda \u0219i Acordul de Asociere cu Uniunea European\u0103, inclusiv pe componenta DCFTA, progresele \u00eenregistrate \u00een implementarea acestora, priorit\u0103\u021bile pentru perioada urm\u0103toare, realiz\u0103rile guvernamentale \u00een materie de reformare institu\u021bional\u0103 \u0219i de \u00eembun\u0103t\u0103\u021bire a nivelului de trai al popula\u021biei.<\/p>\n<p>Pe filiera transnistrean\u0103 s-a abordat situa\u021bia curent\u0103 \u00een procesul de negocieri, dinamica din cadrul formatelor ,,5+2\u201d, ,,1+1\u201d \u0219i cea a grupurilor de lucru sectoriale, temele din a\u0219a-numitul pachet Berlin plus \u0219i mecanismele identificate \u00een vederea solu\u021bion\u0103rii acestora, cu descrierea gradului de implementare a mecanismelor respective \u0219i enun\u021barea m\u0103surilor ulterioare ce se impun a fi luate \u00een vederea rezolv\u0103rii integrale a unor dosare istorice, cum ar fi cel al fermierilor din raionul Dub\u0103sari \u0219i al \u0219colilor cu predare \u00een grafia latin\u0103 din regiunea transnistrean\u0103.<\/p>\n<p>De asemenea, au fost trecute \u00een revist\u0103 eforturile depuse de c\u0103tre autorit\u0103\u021bile Republicii Moldova la nivel interna\u021bional \u0219i cu mobilizarea partenerilor externi pentru a asigura respectarea \u0219i restabilirea drepturilor fundamentale ale omului \u00een raioanele de est ale \u021b\u0103rii.<\/p>\n<p>Profit\u00e2nd de ocazie, Vicepremierul Cristina Lesnic a exprimat sincere mul\u021bumiri pentru suportul continuu acordat de c\u0103tre autorit\u0103\u021bile rom\u00e2ne \u00een raport cu Republica Moldova \u0219i care contribuie la sprijinirea traiectoriei pan-europene \u0219i a procesului de reglementare, precum \u0219i a exprimat speran\u021ba fortific\u0103rii cooper\u0103rii pe \u00eentreg spectrul de subiecte de interes mutual.<\/p>\n<p>La r\u00e2ndul s\u0103u, diplomatul rom\u00e2n a specificat c\u0103 Rom\u00e2nia este \u00een permanen\u021b\u0103 deschis\u0103 s\u0103 sus\u021bin\u0103 \u00eendeplinirea dezideratelor primordiale asumate de c\u0103tre Guvernul de la Chi\u0219in\u0103u \u0219i s\u0103 ofere asisten\u021ba necesar\u0103 \u00een acest sens.<\/p>\n<p>Sursa:\u00a0<a href=\"https:\/\/gov.md\/ro\/content\/intrevederea-viceprim-ministrului-cristina-lesnic-cu-secretarul-de-stat-din-cadrul\">https:\/\/gov.md\/<\/a><\/p>\n<p>&nbsp;<\/p>\n<p><span style=\"display: inline !important; float: none; background-color: transparent; color: #00003d; font-family: Georgia,'Times New Roman',serif; font-size: 16px; font-size-adjust: none; font-stretch: 100%; font-style: normal; font-variant: normal; font-weight: bold; letter-spacing: -0.8px; line-height: 19.2px; orphans: 2; text-align: left; text-decoration: none; text-indent: 0px; text-transform: none; -webkit-text-stroke-width: 0px; white-space: normal; word-spacing: 0px;\">\u00centrevederea Viceprim-ministrului Cristina Lesnic cu ministrul afacerilor externe al Rom\u00e2niei Teodor Mele\u0219canu<\/span><\/p>\n<p>Conform agendei stabilite \u00een cadrul vizitei oficiale de la Bucure\u0219ti, ast\u0103zi, 08 octombrie curent, Viceprim-ministrul Cristina Lesnic a avut o \u00eentrevedere de lucru cu ministrul afacerilor externe al Rom\u00e2niei Teodor Mele\u0219canu.<\/p>\n<p>Vizita dat\u0103 s-a efectuat la invita\u021bia p\u0103r\u021bii rom\u00e2ne \u0219i din componen\u021ba delega\u021biei Republicii Moldova, condus\u0103 de c\u0103tre Vicepremierul responsabil de realizarea politicilor pentru reintegrarea \u021b\u0103rii, au f\u0103cut parte reprezentan\u021bii Biroului politici de reintegrare \u0219i Agen\u021biei Servicii Publice.<\/p>\n<p>Pe parcursul discu\u021biilor au fost abordate o gam\u0103 larg\u0103 de subiecte ce vizeaz\u0103 cooperarea bilateral\u0103 \u0219i programele de asisten\u021b\u0103, fiind punctat c\u0103 Rom\u00e2nia a fost \u0219i r\u0103m\u00e2ne un sus\u021bin\u0103tor consecvent \u00een realizarea agendei europene a Republicii Moldova, un partener strategic \u00een sprijinirea implement\u0103rii reformelor ini\u021biate la Chi\u0219in\u0103u, un investitor activ \u00een dezvoltarea durabil\u0103 a localit\u0103\u021bilor din st\u00e2nga Prutului.<\/p>\n<p>Procesului de reglementare transnistrean\u0103 ia fost atras\u0103 o aten\u021bie distinct\u0103, fiind evaluat\u0103 dinamica din activitatea platformelor de negocieri, inclusiv a exper\u021bilor sectoriali de pe ambele maluri ale Nistrului, enumerate \u00een\u021belegerile agreate \u00een dialogul Chi\u0219in\u0103u-Tiraspol, apreciat nivelul de punere \u00een aplicare a acestora, specificate dificult\u0103\u021bile \u0219i provoc\u0103rile \u00eent\u00e2mpinate, precum \u0219i au fost concretizate m\u0103surile dispuse de c\u0103tre partea moldoveneasc\u0103 pentru a impulsiona rezolvarea viabil\u0103 a problemelor existente \u0219i eliminarea barierelor artificiale.<\/p>\n<p>De asemenea, Vicepremierul a exprimat \u00eengrijor\u0103ri \u00een leg\u0103tur\u0103 cu recentele incidente din Zona de Securitate \u0219i a men\u021bionat necesitatea mobiliz\u0103rii eforturilor actorilor relevan\u021bi \u00een vederea stop\u0103rii \u00eenc\u0103lc\u0103rilor constatate, detension\u0103rii atmosferei \u0219i a revenirii situa\u021biei \u00een f\u0103ga\u0219ul normalit\u0103\u021bii.<\/p>\n<p>Totodat\u0103, a fost adus\u0103 \u00een discu\u021bie \u0219i situa\u021bia drepturilor omului din regiunea transnistrean\u0103, cea a institu\u021biilor de \u00eenv\u0103\u021b\u0103m\u00e2nt cu predare \u00een grafia latin\u0103, a proprietarilor de p\u0103m\u00e2nt din raionul Dub\u0103sari, fiind reiterat\u0103 indispensabilitatea restabilirii necondi\u021bionate \u0219i integrale a drepturilor legitime ale persoanelor, elevilor, cadrelor didactice, fermierilor \u0219i ale tuturor categoriilor de cet\u0103\u021beni ale c\u0103ror drepturi \u0219i libert\u0103\u021bi sunt garantate universal.<\/p>\n<p>Oficialul rom\u00e2n s-a ar\u0103tat satisf\u0103cut de dialogul purtat, relev\u00e2nd disponibilitatea continu\u0103 a Ministerului Afacerilor Externe de la Bucure\u0219ti de a sus\u021bine \u00een cadrul platformelor interna\u021bionale existente mesajele \u0219i abord\u0103rile autorit\u0103\u021bilor Republicii Moldova \u0219i de a consolida cooperarea pe toate palierele.<\/p>\n<p>Vicepremierul a mul\u021bumit pentru primirea cald\u0103 \u0219i interesul sporit fa\u021b\u0103 de problematica transnistrean\u0103 \u0219i s-a ar\u0103tat \u00eencrezut \u00een men\u021binerea unei colabor\u0103ri productive pe viitor.<\/p>\n<p>Sursa:\u00a0<a href=\"https:\/\/gov.md\/ro\/content\/intrevederea-viceprim-ministrului-cristina-lesnic-cu-ministrul-afacerilor-externe-al\">https:\/\/gov.md\/<\/a><\/p>\n<p>&nbsp;<\/p>\n<div class=\"panel-pane pane-node-title\">\n<div class=\"pane-content\">\n<p><strong>\u00centrevederea Viceprim-ministrului Cristina Lesnic cu Viceprim-ministrul pentru implementarea parteneriatelor strategice ale Rom\u00e2niei Ana Birchall<\/strong><\/p>\n<\/div>\n<\/div>\n<p>Ast\u0103zi, 08 octombrie curent, Viceprim-ministrul Cristina Lesnic a avut o \u00eentrevedere de lucru cu Viceprim-ministrul pentru implementarea parteneriatelor strategice ale Rom\u00e2niei Ana Birchall.<\/p>\n<p>\u00centrevederea \u00een cauz\u0103 se \u00eenscrie pe agenda vizitei oficiale efectuate la Bucure\u0219ti de c\u0103tre Vicepremierul responsabil de realizarea politicilor pentru reintegrarea \u021b\u0103rii \u0219i care \u00ee\u0219i propune drept obiectiv stabilirea unei platforme interactive de dialog interguvernamental pe multiple aspecte de interes comun.<\/p>\n<p>Pe parcursul discu\u021biilor vicepremierii au abordat teme relevante din perspectiva rela\u021biilor moldo-rom\u00e2ne, apreciind aportul consistent din partea autorit\u0103\u021bilor de profil ale ambelor state \u00een dezvoltarea cooper\u0103rii sectoriale, precum \u0219i au f\u0103cut un schimb de opinii \u0219i de idei vizavi de perspectivele de amplificare a parteneriatelor multidimensionale.<\/p>\n<p>Viceprim-ministrul Cristina Lesnic a relatat succint despre activit\u0103\u021bile desf\u0103\u0219urate pe dosarul transnistrean, situa\u021bia dialogului dintre Chi\u0219in\u0103u \u0219i Tiraspol, angajamentele convenite \u00een procesul de negocieri, gradul de implementare a \u00een\u021belegerilor asumate, relev\u00e2nd rolul activ al p\u0103r\u021bii moldovene\u0219ti \u0219i rezultatele substan\u021biale atinse pe parcursul anului curent gra\u021bie men\u021binerii unei intensit\u0103\u021bi f\u0103r\u0103 de precedent a interac\u021biunii \u00een toate platformele de negocieri \u0219i a \u00eembun\u0103t\u0103\u021birii permanente a presta\u021biei \u0219i a calit\u0103\u021bii expertizei speciali\u0219tilor din partea Chi\u0219in\u0103ului.<\/p>\n<p>Totodat\u0103, Vicepremierul Cristina Lesnic a comunicat despre evolu\u021biile marcate \u00een a\u0219a-numitul pachet Berlin plus, \u00een mod particular s-a discutat despre \u0219colile cu predare \u00een grafie latin\u0103 din regiunea transnistrean\u0103 \u0219i mecanismul recent lansat privind accederea \u00een traficul rutier interna\u021bional a autovehiculelor din raioanele de est ale \u021b\u0103rii.<\/p>\n<p>\u00cen cadrul \u00eentrevederii doamna Cristina Lesnic a subliniat c\u0103 Republica Moldova este deschis\u0103 \u0219i \u00ee\u0219i exprim\u0103 gratitudinea pentru dialogul bilateral.<\/p>\n<p>La r\u00e2ndul s\u0103u, omologul rom\u00e2n a manifestat un interes deosebit fa\u021b\u0103 de problematica transnistrean\u0103 \u0219i a comunicat c\u0103 Guvernul Rom\u00e2niei este mereu dispus s\u0103 acorde asisten\u021ba necesar\u0103 \u00eentru a sprijini \u00eentr-o manier\u0103 constructiv\u0103 realizarea obiectivelor de reglementare \u0219i de reintegrare a Republicii Moldova.<\/p>\n<p>La finalul \u00eentrevederii, oficialii au remarcat necesitatea continu\u0103rii comunic\u0103rii pe aspecte de interes reciproc \u0219i indispensabilitatea conlucr\u0103rii eficiente \u00een beneficiul cet\u0103\u021benilor de pe ambele maluri ale Prutului.<\/p>\n<p>Sursa:\u00a0<a href=\"https:\/\/gov.md\/ro\/content\/intrevederea-viceprim-ministrului-cristina-lesnic-cu-viceprim-ministrul-pentru-implementarea\">https:\/\/gov.md\/<\/a><\/p>\n","protected":false},"excerpt":{"rendered":"<p>\u00centrevederea Viceprim-ministrului Cristina Lesnic cu Consilierul preziden\u021bial pentru politic\u0103 extern\u0103 din Rom\u00e2nia Bogdan Aurescu Cu prilejul efectu\u0103rii unei vizite de lucru la Bucure\u0219ti, Viceprim-ministrul Cristina Lesnic a avut ast\u0103zi, 08 octombrie curent, o \u00eentrevedere cu Consilierul preziden\u021bial pentru politic\u0103 extern\u0103 din Rom\u00e2nia Bogdan Aurescu. \u00cen cadrul acesteia oficialii au discutat o serie de aspecte de&#8230;<\/p>\n","protected":false},"author":2,"featured_media":0,"comment_status":"closed","ping_status":"open","sticky":false,"template":"","format":"standard","meta":[],"categories":[1],"tags":[],"_links":{"self":[{"href":"https:\/\/centers.ulbsibiu.ro\/ccsprise\/lact\/wp-json\/wp\/v2\/posts\/5451"}],"collection":[{"href":"https:\/\/centers.ulbsibiu.ro\/ccsprise\/lact\/wp-json\/wp\/v2\/posts"}],"about":[{"href":"https:\/\/centers.ulbsibiu.ro\/ccsprise\/lact\/wp-json\/wp\/v2\/types\/post"}],"author":[{"embeddable":true,"href":"https:\/\/centers.ulbsibiu.ro\/ccsprise\/lact\/wp-json\/wp\/v2\/users\/2"}],"replies":[{"embeddable":true,"href":"https:\/\/centers.ulbsibiu.ro\/ccsprise\/lact\/wp-json\/wp\/v2\/comments?post=5451"}],"version-history":[{"count":1,"href":"https:\/\/centers.ulbsibiu.ro\/ccsprise\/lact\/wp-json\/wp\/v2\/posts\/5451\/revisions"}],"predecessor-version":[{"id":5452,"href":"https:\/\/centers.ulbsibiu.ro\/ccsprise\/lact\/wp-json\/wp\/v2\/posts\/5451\/revisions\/5452"}],"wp:attachment":[{"href":"https:\/\/centers.ulbsibiu.ro\/ccsprise\/lact\/wp-json\/wp\/v2\/media?parent=5451"}],"wp:term":[{"taxonomy":"category","embeddable":true,"href":"https:\/\/centers.ulbsibiu.ro\/ccsprise\/lact\/wp-json\/wp\/v2\/categories?post=5451"},{"taxonomy":"post_tag","embeddable":true,"href":"https:\/\/centers.ulbsibiu.ro\/ccsprise\/lact\/wp-json\/wp\/v2\/tags?post=5451"}],"curies":[{"name":"wp","href":"https:\/\/api.w.org\/{rel}","templated":true}]}}