{"id":5445,"date":"2018-10-05T18:40:57","date_gmt":"2018-10-05T16:40:57","guid":{"rendered":"https:\/\/centers.ulbsibiu.ro\/ccsprise\/lact\/?p=5445"},"modified":"2018-10-05T18:40:57","modified_gmt":"2018-10-05T16:40:57","slug":"infotag-md-seful-misiunii-osce-a-discutat-cu-seful-mae-al-transnistriei-perspectivele-procesului-de-negocieri-in-2019","status":"publish","type":"post","link":"https:\/\/centers.ulbsibiu.ro\/ccsprise\/lact\/infotag-md-seful-misiunii-osce-a-discutat-cu-seful-mae-al-transnistriei-perspectivele-procesului-de-negocieri-in-2019\/","title":{"rendered":"Infotag.md &#8211; \u015eEFUL MISIUNII OSCE A DISCUTAT CU \u015eEFUL MAE AL TRANSNISTRIEI PERSPECTIVELE PROCESULUI DE NEGOCIERI \u00ceN 2019"},"content":{"rendered":"<p>Principalele domenii de lucru \u00een cadrul procesului de negocieri privind reglementarea transnistrean\u0103 \u00een anul 2019 sub pre\u0219edin\u021bia OSCE a Slovaciei \u0219i posibilitatea desf\u0103\u015fur\u0103rii unei noi \u0219edin\u021be \u00een formatul \u201e5+2\u201d p\u00e2n\u0103 la sf\u00e2r\u0219itul acestui an au fost puse \u00een discu\u0163ie \u00een ajun, \u00een cadrul unei \u015fedin\u0163e la Tiraspol a ministrului de externe al regiunii transnistrene, Vitalii Ignatiev, cu \u0219eful Misiunii OSCE \u00een Moldova, Claus Neukirch.<\/p>\n<p>Potrivit agen\u0163iei INFOTAG cu referire la site-ul MAE transnistrean, interlocutorii au discutat \u015fi despre \u201easpectele actuale ale agendei procesului de negocieri dintre Transnistria \u0219i Moldova, inclusiv despre realizarea acordurilor \u00eencheiate anterior\u201d.<\/p>\n<p>\u00cen special, p\u0103r\u021bile \u201es-au referit la realizarea acordurilor \u00een domeniul comunica\u021biilor, precum \u0219i la func\u021bionarea mecanismului de participare a mijloacelor de transport transnistrene la traficul rutier interna\u021bional\u201d.<\/p>\n<p>Ignatiev a atras \u00eenc\u0103 o dat\u0103 \u201eaten\u021bia interlocutorului asupra consecin\u021belor negative ale implement\u0103rii controlului comun moldo-ucrainean la punctul de trecere Cuciurgan, care pot \u00eempiedica asigurarea institu\u021biilor medicale din Transnistria, precum \u0219i punerea \u00een aplicare a acordurilor individuale atinse \u00een cadrul procesului de negocieri\u201d.<\/p>\n<p>Sursa:\u00a0<a href=\"http:\/\/www.infotag.md\/rebelion-ro\/267724\/\">http:\/\/www.infotag.md\/<\/a><\/p>\n","protected":false},"excerpt":{"rendered":"<p>Principalele domenii de lucru \u00een cadrul procesului de negocieri privind reglementarea transnistrean\u0103 \u00een anul 2019 sub pre\u0219edin\u021bia OSCE a Slovaciei \u0219i posibilitatea desf\u0103\u015fur\u0103rii unei noi \u0219edin\u021be \u00een formatul \u201e5+2\u201d p\u00e2n\u0103 la sf\u00e2r\u0219itul acestui an au fost puse \u00een discu\u0163ie \u00een ajun, \u00een cadrul unei \u015fedin\u0163e la Tiraspol a ministrului de externe al regiunii transnistrene, Vitalii&#8230;<\/p>\n","protected":false},"author":2,"featured_media":0,"comment_status":"closed","ping_status":"open","sticky":false,"template":"","format":"standard","meta":[],"categories":[1],"tags":[],"_links":{"self":[{"href":"https:\/\/centers.ulbsibiu.ro\/ccsprise\/lact\/wp-json\/wp\/v2\/posts\/5445"}],"collection":[{"href":"https:\/\/centers.ulbsibiu.ro\/ccsprise\/lact\/wp-json\/wp\/v2\/posts"}],"about":[{"href":"https:\/\/centers.ulbsibiu.ro\/ccsprise\/lact\/wp-json\/wp\/v2\/types\/post"}],"author":[{"embeddable":true,"href":"https:\/\/centers.ulbsibiu.ro\/ccsprise\/lact\/wp-json\/wp\/v2\/users\/2"}],"replies":[{"embeddable":true,"href":"https:\/\/centers.ulbsibiu.ro\/ccsprise\/lact\/wp-json\/wp\/v2\/comments?post=5445"}],"version-history":[{"count":1,"href":"https:\/\/centers.ulbsibiu.ro\/ccsprise\/lact\/wp-json\/wp\/v2\/posts\/5445\/revisions"}],"predecessor-version":[{"id":5446,"href":"https:\/\/centers.ulbsibiu.ro\/ccsprise\/lact\/wp-json\/wp\/v2\/posts\/5445\/revisions\/5446"}],"wp:attachment":[{"href":"https:\/\/centers.ulbsibiu.ro\/ccsprise\/lact\/wp-json\/wp\/v2\/media?parent=5445"}],"wp:term":[{"taxonomy":"category","embeddable":true,"href":"https:\/\/centers.ulbsibiu.ro\/ccsprise\/lact\/wp-json\/wp\/v2\/categories?post=5445"},{"taxonomy":"post_tag","embeddable":true,"href":"https:\/\/centers.ulbsibiu.ro\/ccsprise\/lact\/wp-json\/wp\/v2\/tags?post=5445"}],"curies":[{"name":"wp","href":"https:\/\/api.w.org\/{rel}","templated":true}]}}