{"id":5441,"date":"2018-10-04T18:23:22","date_gmt":"2018-10-04T16:23:22","guid":{"rendered":"https:\/\/centers.ulbsibiu.ro\/ccsprise\/lact\/?p=5441"},"modified":"2018-10-04T18:23:22","modified_gmt":"2018-10-04T16:23:22","slug":"gov-md-cazurile-de-incalcare-a-liberei-circulatii-in-zona-de-securitate-raman-in-atentia-delegatiei-chisinaului-in-comisia-unificata-de-control","status":"publish","type":"post","link":"https:\/\/centers.ulbsibiu.ro\/ccsprise\/lact\/gov-md-cazurile-de-incalcare-a-liberei-circulatii-in-zona-de-securitate-raman-in-atentia-delegatiei-chisinaului-in-comisia-unificata-de-control\/","title":{"rendered":"Gov.md &#8211; Cazurile de \u00eenc\u0103lcare a liberei circula\u021bii \u00een Zona de Securitate r\u0103m\u00e2n \u00een aten\u021bia Delega\u021biei Chi\u0219in\u0103ului \u00een Comisia Unificat\u0103 de Control"},"content":{"rendered":"<p>Pe agenda Comisiei Unificate de Control (CUC), care s-a \u00eentrunit la\u00a0 4 octombrie la Bender, au fost prezente 2 subiecte.<\/p>\n<p>Partea transnistrean\u0103 a anun\u021bat remanieri \u00een componen\u021ba delega\u021biei sale. Astfel, \u00een calitatea sa de membru al delega\u021biei transnistrene \u00een CUC, Vitalii Ignatiev (cunoscut ca reprezentant politic al Tiraspolului \u00een\u00a0 procesul de reglementare transnistrean\u0103) a fost substituit de c\u0103tre Ruslan Slobodeniuk, adjunct al \u0219efului a\u0219a-numitului \u201edepartament de externe\u201d din regiune.<\/p>\n<p>La propunerea reprezentan\u021bilor Federa\u021biei Ruse, locotenent-colonelul Alexei Semionov a fost desemnat \u00een func\u021bia de \u0219ef al \u0441omenduirii militare din or. Bender &#8211; raion cu regim sporit de securitate.<\/p>\n<p>Comisia a aprobat raportul s\u0103pt\u0103m\u00e2nal al Comandamentului Militar \u00centrunit privind situa\u021bia din Zona de Securitate pentru perioada 26 septembrie \u2013 2 octombrie.<\/p>\n<p>\u00cen cadrul discu\u021biilor care au urmat, Delega\u021bia Republicii Moldova a solicitat explica\u021bii componentei transnistrene \u00een leg\u0103tur\u0103 cu ac\u021biunile provocatoare \u00eentreprinse de a\u0219a-numita \u201emili\u021bie\u201d din or. Dub\u0103sari, care pe 3 octombrie curent, la indica\u021bia a.n. \u201eMGB\u201d transnistrean, au re\u021binut muncitorii SRL \u201eContava Com\u201d din satul Cocieri, \u00een timpul c\u00e2nd efectuau lucr\u0103ri tehnice \u00een satul Corjova, raionul Dub\u0103sari, \u00a0\u00een cadrul unui proiect de menire social\u0103 pentru amenajarea acestei localit\u0103\u021bi. Muncitorii au fost elibera\u021bi dup\u0103 interven\u021bia prompt\u0103 a reprezentan\u021bilor Delega\u021biei Republicii Moldova \u0219i ai Poli\u021biei. Explica\u021bii au fost solicitate \u0219i pe marginea bloc\u0103rii de c\u0103tre partea transnistrean\u0103 a deplas\u0103rii la fa\u021ba locului a observatorilor militari pentru a documenta \u00eenc\u0103lcarea.<\/p>\n<p>Aceste ac\u021biuni, dar \u0219i alte cazuri de \u00eenc\u0103lcare a dreptului \u00a0la libera circula\u021bie \u00a0\u00een Zona de Securitate scot \u00een eviden\u021b\u0103 o dat\u0103 \u00een plus abuzurile comise de a.n. structuri de for\u021b\u0103 transnistrene \u0219i readuc \u00een aten\u021bie necesitatea de a promova un nou concept privind asigurarea securit\u0103\u021bii cet\u0103\u021benilor \u00een zona de responsabilitate a For\u021belor Mixte de Pacificare.<\/p>\n<p>Urm\u0103toarea \u0219edin\u021b\u0103 \u00a0a CUC va fi organizat\u0103 la 11 octombrie 2018.<\/p>\n<p>&nbsp;<\/p>\n<p><strong>Delega\u021bia Republicii Moldova<\/strong><\/p>\n<p><strong>\u00een Comisia Unificat\u0103 de Control<\/strong><\/p>\n<p>&nbsp;<\/p>\n<p>Sursa:\u00a0<a href=\"https:\/\/gov.md\/ro\/content\/cazurile-de-incalcare-liberei-circulatii-zona-de-securitate-raman-atentia-delegatiei\">https:\/\/gov.md\/<\/a><\/p>\n","protected":false},"excerpt":{"rendered":"<p>Pe agenda Comisiei Unificate de Control (CUC), care s-a \u00eentrunit la\u00a0 4 octombrie la Bender, au fost prezente 2 subiecte. Partea transnistrean\u0103 a anun\u021bat remanieri \u00een componen\u021ba delega\u021biei sale. Astfel, \u00een calitatea sa de membru al delega\u021biei transnistrene \u00een CUC, Vitalii Ignatiev (cunoscut ca reprezentant politic al Tiraspolului \u00een\u00a0 procesul de reglementare transnistrean\u0103) a fost&#8230;<\/p>\n","protected":false},"author":2,"featured_media":0,"comment_status":"closed","ping_status":"open","sticky":false,"template":"","format":"standard","meta":[],"categories":[1],"tags":[],"_links":{"self":[{"href":"https:\/\/centers.ulbsibiu.ro\/ccsprise\/lact\/wp-json\/wp\/v2\/posts\/5441"}],"collection":[{"href":"https:\/\/centers.ulbsibiu.ro\/ccsprise\/lact\/wp-json\/wp\/v2\/posts"}],"about":[{"href":"https:\/\/centers.ulbsibiu.ro\/ccsprise\/lact\/wp-json\/wp\/v2\/types\/post"}],"author":[{"embeddable":true,"href":"https:\/\/centers.ulbsibiu.ro\/ccsprise\/lact\/wp-json\/wp\/v2\/users\/2"}],"replies":[{"embeddable":true,"href":"https:\/\/centers.ulbsibiu.ro\/ccsprise\/lact\/wp-json\/wp\/v2\/comments?post=5441"}],"version-history":[{"count":1,"href":"https:\/\/centers.ulbsibiu.ro\/ccsprise\/lact\/wp-json\/wp\/v2\/posts\/5441\/revisions"}],"predecessor-version":[{"id":5442,"href":"https:\/\/centers.ulbsibiu.ro\/ccsprise\/lact\/wp-json\/wp\/v2\/posts\/5441\/revisions\/5442"}],"wp:attachment":[{"href":"https:\/\/centers.ulbsibiu.ro\/ccsprise\/lact\/wp-json\/wp\/v2\/media?parent=5441"}],"wp:term":[{"taxonomy":"category","embeddable":true,"href":"https:\/\/centers.ulbsibiu.ro\/ccsprise\/lact\/wp-json\/wp\/v2\/categories?post=5441"},{"taxonomy":"post_tag","embeddable":true,"href":"https:\/\/centers.ulbsibiu.ro\/ccsprise\/lact\/wp-json\/wp\/v2\/tags?post=5441"}],"curies":[{"name":"wp","href":"https:\/\/api.w.org\/{rel}","templated":true}]}}