{"id":5439,"date":"2018-10-04T18:17:48","date_gmt":"2018-10-04T16:17:48","guid":{"rendered":"https:\/\/centers.ulbsibiu.ro\/ccsprise\/lact\/?p=5439"},"modified":"2018-10-04T18:17:48","modified_gmt":"2018-10-04T16:17:48","slug":"publika-md-depozitul-de-munitii-rusesti-din-transnistria-este-o-amenintare-la-adresa-securitatii-ucrainei","status":"publish","type":"post","link":"https:\/\/centers.ulbsibiu.ro\/ccsprise\/lact\/publika-md-depozitul-de-munitii-rusesti-din-transnistria-este-o-amenintare-la-adresa-securitatii-ucrainei\/","title":{"rendered":"Publika.md &#8211; Depozitul de muni\u021bii ruse\u0219ti din Transnistria este o amenin\u021bare la adresa securit\u0103\u021bii Ucrainei"},"content":{"rendered":"<p><strong>Depozitul de muni\u021bii ruse\u0219ti din satul Colbasna din Transnistria reprezint\u0103 o amenin\u021bare fundamental\u0103 \u00een domeniul siguran\u021bei \u0219i al ecologiei pentru Ucraina \u0219i Moldova, a declarat Ministrul de externe al Ucrainei, Pavel Klimkin, la conferin\u021ba de pres\u0103 comun\u0103 cu ministrul de externe al Republicii Moldova, Tudor Ulianovschi.<\/strong><\/p>\n<p>Ministrul ucrainean a men\u021bionat c\u0103 a purtat negocieri detaliate cu omologul s\u0103u moldovean \u201dcu privire la \u00eentregul spectru al rela\u021biilor bilaterale \u0219i al agendei noastre europene\u201d. \u201dDar accentul principal \u2026 este c\u0103 avem un trecut comun, provoc\u0103ri comune \u00een sensul protej\u0103rii integrit\u0103\u021bii \u0219i suveranit\u0103\u021bii noastre teritoriale \u0219i sunt absolut sigur c\u0103 exist\u0103 un viitor european comun\u201d, a spus Klimkin.<\/p>\n<p>\u201dAmbele \u021b\u0103ri sufer\u0103 din cauza agresiunii ruse \u0219i din cauza prezen\u021bei militare ruse. Lucr\u0103m \u00een mod constant pe toate platformele interna\u021bionale, precum \u0219i \u00een contextul eliber\u0103rii Transnistriei de prezen\u021ba rus\u0103. Existe primele semne pozitive, de\u0219i foarte slabe, \u00een sensul c\u0103 cel pu\u021bin de acum in Transnistria ma\u0219inile vor avea pl\u0103cu\u021be de \u00eenmatriculare obi\u0219nuite. Din p\u0103cate, acest lucru nu \u00eenseamn\u0103 c\u0103 provoc\u0103rile care vin din Transnistria se vor opri, deoarece se fac tentative de destabilizare a Ucrainei de c\u0103tre Rusia inclusiv dinspre teritoriul Transnistriei\u201d, a spus Klimkin.<\/p>\n<p>\u201dVom lucra \u00eempreun\u0103 pentru a elimina amenin\u021barea reprezentata de depozitul rusesc de munitii din satul Colbasna. Este o amenin\u021bare fundamental\u0103 pentru ambele \u021b\u0103ri. Este o amenin\u021bare \u00een domeniul securit\u0103\u021bii \u0219i, \u00een sensul prezen\u021bei trupelor ruse\u0219ti \u0219i al unei amenin\u021b\u0103ri fundamentale pentru mediul inconjurator\u201d, \u2013 a spus Klimkin.<\/p>\n<p>Colbasna este un sat din raionul R\u00eebni\u021ba din Moldova, parte a republicii nerecunoscute a Transnistriei. Depozitele militare din satul Colbasna au fost \u00eenfiin\u021bate \u00een anii 1940, scrie\u00a0<a href=\"http:\/\/www.paginaderusia.ro\/kyiv-depozitul-de-munitii-din-transnistria-este-o-amenintare-la-adresa-securitatii-ucrainei\/\" target=\"_blank\" rel=\"noopener\">paginaderusia.ro<\/a><\/p>\n<p>.\u00cencep\u00e2nd cu anul 2000, volumul de arme \u0219i muni\u021bii ale Rusiei \u00een Transnistria a fost de aproximativ 42.000 de tone. Din 2000 p\u00e2n\u0103 \u00een 2004, aproximativ 50% din arme, echipamente militare \u0219i muni\u021bii au fost \u00eendep\u0103rtate sau distruse la fa\u021ba locului. \u00cen stoc, potrivit diferitelor estim\u0103ri, r\u0103m\u00e2n \u00eentre 19.000 \u0219i 21.500 de tone de muni\u021bii: proiectile, bombe, mine, grenade \u0219i cartuse<\/p>\n<p>Cite\u0219te mai mult: <a href=\"https:\/\/www.publika.md\/depozitul-de-munitii-rusesti-din-transnistria-este-o-amenintare-la-adresa-securitatii-ucrainei_3020742.html#ixzz5Syo4fhJO\">https:\/\/www.publika.md\/depozitul-de-munitii-rusesti-din-transnistria-este-o-amenintare-la-adresa-securitatii-ucrainei_3020742.html#ixzz5Syo4fhJO<\/a><br \/>\nFollow us: <a href=\"https:\/\/ec.tynt.com\/b\/rw?id=dWcNF856Wr5OkPrkHcnlKl&amp;u=publikatv\" target=\"_blank\" rel=\"noopener\">@publikatv on Twitter<\/a> | <a href=\"https:\/\/ec.tynt.com\/b\/rf?id=dWcNF856Wr5OkPrkHcnlKl&amp;u=publika.md\" target=\"_blank\" rel=\"noopener\">publika.md on Facebook<\/a><\/p>\n","protected":false},"excerpt":{"rendered":"<p>Depozitul de muni\u021bii ruse\u0219ti din satul Colbasna din Transnistria reprezint\u0103 o amenin\u021bare fundamental\u0103 \u00een domeniul siguran\u021bei \u0219i al ecologiei pentru Ucraina \u0219i Moldova, a declarat Ministrul de externe al Ucrainei, Pavel Klimkin, la conferin\u021ba de pres\u0103 comun\u0103 cu ministrul de externe al Republicii Moldova, Tudor Ulianovschi. Ministrul ucrainean a men\u021bionat c\u0103 a purtat negocieri detaliate&#8230;<\/p>\n","protected":false},"author":2,"featured_media":0,"comment_status":"closed","ping_status":"open","sticky":false,"template":"","format":"standard","meta":[],"categories":[1],"tags":[],"_links":{"self":[{"href":"https:\/\/centers.ulbsibiu.ro\/ccsprise\/lact\/wp-json\/wp\/v2\/posts\/5439"}],"collection":[{"href":"https:\/\/centers.ulbsibiu.ro\/ccsprise\/lact\/wp-json\/wp\/v2\/posts"}],"about":[{"href":"https:\/\/centers.ulbsibiu.ro\/ccsprise\/lact\/wp-json\/wp\/v2\/types\/post"}],"author":[{"embeddable":true,"href":"https:\/\/centers.ulbsibiu.ro\/ccsprise\/lact\/wp-json\/wp\/v2\/users\/2"}],"replies":[{"embeddable":true,"href":"https:\/\/centers.ulbsibiu.ro\/ccsprise\/lact\/wp-json\/wp\/v2\/comments?post=5439"}],"version-history":[{"count":1,"href":"https:\/\/centers.ulbsibiu.ro\/ccsprise\/lact\/wp-json\/wp\/v2\/posts\/5439\/revisions"}],"predecessor-version":[{"id":5440,"href":"https:\/\/centers.ulbsibiu.ro\/ccsprise\/lact\/wp-json\/wp\/v2\/posts\/5439\/revisions\/5440"}],"wp:attachment":[{"href":"https:\/\/centers.ulbsibiu.ro\/ccsprise\/lact\/wp-json\/wp\/v2\/media?parent=5439"}],"wp:term":[{"taxonomy":"category","embeddable":true,"href":"https:\/\/centers.ulbsibiu.ro\/ccsprise\/lact\/wp-json\/wp\/v2\/categories?post=5439"},{"taxonomy":"post_tag","embeddable":true,"href":"https:\/\/centers.ulbsibiu.ro\/ccsprise\/lact\/wp-json\/wp\/v2\/tags?post=5439"}],"curies":[{"name":"wp","href":"https:\/\/api.w.org\/{rel}","templated":true}]}}