{"id":5437,"date":"2018-10-03T19:20:21","date_gmt":"2018-10-03T17:20:21","guid":{"rendered":"https:\/\/centers.ulbsibiu.ro\/ccsprise\/lact\/?p=5437"},"modified":"2018-10-03T19:20:21","modified_gmt":"2018-10-03T17:20:21","slug":"gov-md-viceprim-ministrul-cristina-lesnic-insista-asupra-solutionarii-problemei-liberei-circulatii-a-elevilor-parintilor-si-profesorilor-din-scolile-cu-predare-in-grafie-latina-din-regiunea-transni","status":"publish","type":"post","link":"https:\/\/centers.ulbsibiu.ro\/ccsprise\/lact\/gov-md-viceprim-ministrul-cristina-lesnic-insista-asupra-solutionarii-problemei-liberei-circulatii-a-elevilor-parintilor-si-profesorilor-din-scolile-cu-predare-in-grafie-latina-din-regiunea-transni\/","title":{"rendered":"Gov.md &#8211; Viceprim-ministrul Cristina Lesnic insist\u0103 asupra solu\u021bion\u0103rii problemei liberei circula\u021bii a elevilor, p\u0103rin\u021bilor \u0219i profesorilor din \u0219colile cu predare \u00een grafie latin\u0103 din regiunea transnistrean\u0103"},"content":{"rendered":"<p>Un schimb de opinii a avut loc ast\u0103zi \u00eentre Vicepremierul Cristina Lesnic \u0219i Reprezentantul special al Federa\u021biei Ruse \u00een reglementarea transnistrean\u0103, Serghei Gubarev, inclusiv, cu efectuarea unui <em>follow-up<\/em> pe marginea rezultatelor vizitei \u00eentreprinse de c\u0103tre oficialul rus la Tiraspol.<\/p>\n<p>Discu\u021biile \u00eentre cei doi interlocutori s-au axat pe problematica \u0219colilor cu predare \u00een grafie latin\u0103 din regiunea transnistrean\u0103, fiind reiterat\u0103 indispensabilitatea excluderii practicii aplicate \u00een mod constant de c\u0103tre Tiraspol privind notificarea preliminar\u0103 a a\u0219a-numitelor structuri din st\u00e2nga Nistrului \u00eentru a facilita libera circula\u021bie a elevilor, p\u0103rin\u021bilor \u0219i a profesorilor din aceste institu\u021bii de \u00eenv\u0103\u021b\u0103m\u00e2nt.<\/p>\n<p>Cristina Lesnic, \u00een mod special, a accentuat despre necesitatea atragerii unei aten\u021bii sporite problemei vizate, subliniind c\u0103 prin men\u021binerea abord\u0103rilor actuale din partea Tiraspolului este \u00eenc\u0103lcat dreptul fundamental la libera circula\u021bie \u0219i din aceste considerente va aduce \u00een discu\u021bie acest subiect \u00een platformele interna\u021bionale de dialog.<\/p>\n<p>\u00cen context, Viceprim-ministrul Cristina Lesnic a insistat asupra men\u021binerii subiectului \u0219colilor cu predare \u00een grafie latin\u0103 din regiunea transnistrean\u0103 pe agenda de lucru a formatului\u00a0de negocieri \u201e5+2\u201d p\u00e2n\u0103 la solu\u021bionarea definitiv\u0103 a acestuia.<\/p>\n<p>De asemenea, Vicepremierul a men\u021bionat c\u0103, la momentul actual nu sunt implementate totalmente prevederile Deciziei protocolare semnate \u00een acest sens pe 25 noiembrie 2017, \u0219i anume, nu au fost diminuate tarifele pentru toate serviciile comunale la nivelul celor aplicabile celorlalte institu\u021bii de \u00eenv\u0103\u021b\u0103m\u00e2nt din regiunea transnistrean\u0103, precum \u0219i nu au fost transmise \u0219colilor \u00een proprietate terenurile din proximitatea acestora.<\/p>\n<p>\u00cen continuarea dialogului, oficialii au f\u0103cut un schimb de opinii \u0219i pe marginea altor subiecte de pe agenda procesului de negocieri, precum ar fi interac\u021biunea \u00een domeniul\u00a0 telecomunica\u021biilor, implementarea mecanismului de acces \u00een traficul rutier interna\u021bional a autovehiculelor din raionale de est ale \u021b\u0103rii, precum \u0219i au discutat necesitatea cre\u0103rii premiselor necesare pentru convocarea unei noi reuniuni \u00een formatul \u201e5+2\u201d.<\/p>\n<p>Reprezentantul special al Federa\u021biei Ruse \u00een reglementarea transnistrean\u0103 a remarcat disponibilitatea de a reveni p\u00e2n\u0103 la finele anului curent \u00een Republica Moldova pentru a purta discu\u021bii mai detaliate pe marginea problemei liberei circula\u021bii.<\/p>\n<p>Sursa:\u00a0<a href=\"https:\/\/gov.md\/ro\/content\/viceprim-ministrul-cristina-lesnic-insista-asupra-solutionarii-problemei-liberei-circulatii\">https:\/\/gov.md\/<\/a><\/p>\n","protected":false},"excerpt":{"rendered":"<p>Un schimb de opinii a avut loc ast\u0103zi \u00eentre Vicepremierul Cristina Lesnic \u0219i Reprezentantul special al Federa\u021biei Ruse \u00een reglementarea transnistrean\u0103, Serghei Gubarev, inclusiv, cu efectuarea unui follow-up pe marginea rezultatelor vizitei \u00eentreprinse de c\u0103tre oficialul rus la Tiraspol. Discu\u021biile \u00eentre cei doi interlocutori s-au axat pe problematica \u0219colilor cu predare \u00een grafie latin\u0103 din&#8230;<\/p>\n","protected":false},"author":2,"featured_media":0,"comment_status":"closed","ping_status":"open","sticky":false,"template":"","format":"standard","meta":[],"categories":[1],"tags":[],"_links":{"self":[{"href":"https:\/\/centers.ulbsibiu.ro\/ccsprise\/lact\/wp-json\/wp\/v2\/posts\/5437"}],"collection":[{"href":"https:\/\/centers.ulbsibiu.ro\/ccsprise\/lact\/wp-json\/wp\/v2\/posts"}],"about":[{"href":"https:\/\/centers.ulbsibiu.ro\/ccsprise\/lact\/wp-json\/wp\/v2\/types\/post"}],"author":[{"embeddable":true,"href":"https:\/\/centers.ulbsibiu.ro\/ccsprise\/lact\/wp-json\/wp\/v2\/users\/2"}],"replies":[{"embeddable":true,"href":"https:\/\/centers.ulbsibiu.ro\/ccsprise\/lact\/wp-json\/wp\/v2\/comments?post=5437"}],"version-history":[{"count":1,"href":"https:\/\/centers.ulbsibiu.ro\/ccsprise\/lact\/wp-json\/wp\/v2\/posts\/5437\/revisions"}],"predecessor-version":[{"id":5438,"href":"https:\/\/centers.ulbsibiu.ro\/ccsprise\/lact\/wp-json\/wp\/v2\/posts\/5437\/revisions\/5438"}],"wp:attachment":[{"href":"https:\/\/centers.ulbsibiu.ro\/ccsprise\/lact\/wp-json\/wp\/v2\/media?parent=5437"}],"wp:term":[{"taxonomy":"category","embeddable":true,"href":"https:\/\/centers.ulbsibiu.ro\/ccsprise\/lact\/wp-json\/wp\/v2\/categories?post=5437"},{"taxonomy":"post_tag","embeddable":true,"href":"https:\/\/centers.ulbsibiu.ro\/ccsprise\/lact\/wp-json\/wp\/v2\/tags?post=5437"}],"curies":[{"name":"wp","href":"https:\/\/api.w.org\/{rel}","templated":true}]}}