{"id":5435,"date":"2018-10-02T16:59:33","date_gmt":"2018-10-02T14:59:33","guid":{"rendered":"https:\/\/centers.ulbsibiu.ro\/ccsprise\/lact\/?p=5435"},"modified":"2018-10-02T16:59:33","modified_gmt":"2018-10-02T14:59:33","slug":"deschide-md-moscova-si-tiraspolul-vor-sa-forteze-o-noua-intalnire-in-formatul-52","status":"publish","type":"post","link":"https:\/\/centers.ulbsibiu.ro\/ccsprise\/lact\/deschide-md-moscova-si-tiraspolul-vor-sa-forteze-o-noua-intalnire-in-formatul-52\/","title":{"rendered":"Deschide.md &#8211; Moscova \u0219i Tiraspolul vor s\u0103 for\u021beze o nou\u0103 \u00eent\u00e2lnire \u00een formatul \u201e5+2\u201d"},"content":{"rendered":"<p>Reprezentan\u021bii Tiraspolului \u0219i Moscovei au discutat despre reluarea negocierilor \u00een formatul 5+2. Ambasadorul cu misiuni speciale Serghei Gubarev a discutat ast\u0103zi la Tiraspol cu a\u0219a-numitul ministru de externe transnistrean despre starea negocierilor dintre malurile Nistrului.<\/p>\n<p>Separatistul de la Tiraspol, Vitalii Ignatiev, a subliniat c\u0103 autorit\u0103\u021bile pe care le reprezint\u0103 nu au putut \u00eenc\u0103 ajunge la un compromis cu autorit\u0103\u021bile de la Chi\u0219in\u0103u \u00een problema telecomunica\u021biilor \u0219i \u00een cea a rela\u021biilor bancare dintre cele dou\u0103 maluri ale Nistrului.<\/p>\n<p>Ignatiev a mai ad\u0103ugat c\u0103 Tiraspolul arde de ner\u0103bdare s\u0103 fie rezolvat\u0103 problema importului de combustibil prin nordul regiunii separatiste, noteaz\u0103 novostipmr.com.<\/p>\n<p>Solul de la Moscova, Serghei Gubarev a declarant c\u0103 formatul 5+2 este una dintre pu\u021binele platforme interna\u021bionale care permite rezolvarea unor probleme stringente.<\/p>\n<p>\u201eFormatul 5+2 nu este o platform\u0103 unde ne putem umfla obrajii pentru a scoate pe band\u0103 rulant\u0103 decizii pozitive. Aceast\u0103 platform\u0103 este una de analiz\u0103, iar cu expertiza p\u0103r\u021bilor ter\u021be cei doi factori implica\u021bi \u00een procesul de reglementare pot adopta decizii concrete \u0219i necesare ambelor p\u0103r\u021bi\u201d, a spus Gubarev.<\/p>\n<p>Vitalii Ignatiev a men\u021bionat c\u0103 \u00een conformitate cu acordurile anterioare, negocieri \u00een formatul 5+2 ar trebui s\u0103 aib\u0103 loc nu mai pu\u021bin dec\u00e2t \u0219ase ori pe an. (&#8230;)<\/p>\n<p>Textul complet:\u00a0<a href=\"https:\/\/deschide.md\/ro\/stiri\/politic\/37462\/Moscova-\u0219i-Tiraspolul-vor-s\u0103-for\u021beze-o-nou\u0103-\u00eent\u00e2lnire-\u00een-formatul-\u201e52\u201d.htm\">https:\/\/deschide.md\/<\/a><\/p>\n","protected":false},"excerpt":{"rendered":"<p>Reprezentan\u021bii Tiraspolului \u0219i Moscovei au discutat despre reluarea negocierilor \u00een formatul 5+2. Ambasadorul cu misiuni speciale Serghei Gubarev a discutat ast\u0103zi la Tiraspol cu a\u0219a-numitul ministru de externe transnistrean despre starea negocierilor dintre malurile Nistrului. Separatistul de la Tiraspol, Vitalii Ignatiev, a subliniat c\u0103 autorit\u0103\u021bile pe care le reprezint\u0103 nu au putut \u00eenc\u0103 ajunge la&#8230;<\/p>\n","protected":false},"author":2,"featured_media":0,"comment_status":"closed","ping_status":"open","sticky":false,"template":"","format":"standard","meta":[],"categories":[1],"tags":[],"_links":{"self":[{"href":"https:\/\/centers.ulbsibiu.ro\/ccsprise\/lact\/wp-json\/wp\/v2\/posts\/5435"}],"collection":[{"href":"https:\/\/centers.ulbsibiu.ro\/ccsprise\/lact\/wp-json\/wp\/v2\/posts"}],"about":[{"href":"https:\/\/centers.ulbsibiu.ro\/ccsprise\/lact\/wp-json\/wp\/v2\/types\/post"}],"author":[{"embeddable":true,"href":"https:\/\/centers.ulbsibiu.ro\/ccsprise\/lact\/wp-json\/wp\/v2\/users\/2"}],"replies":[{"embeddable":true,"href":"https:\/\/centers.ulbsibiu.ro\/ccsprise\/lact\/wp-json\/wp\/v2\/comments?post=5435"}],"version-history":[{"count":1,"href":"https:\/\/centers.ulbsibiu.ro\/ccsprise\/lact\/wp-json\/wp\/v2\/posts\/5435\/revisions"}],"predecessor-version":[{"id":5436,"href":"https:\/\/centers.ulbsibiu.ro\/ccsprise\/lact\/wp-json\/wp\/v2\/posts\/5435\/revisions\/5436"}],"wp:attachment":[{"href":"https:\/\/centers.ulbsibiu.ro\/ccsprise\/lact\/wp-json\/wp\/v2\/media?parent=5435"}],"wp:term":[{"taxonomy":"category","embeddable":true,"href":"https:\/\/centers.ulbsibiu.ro\/ccsprise\/lact\/wp-json\/wp\/v2\/categories?post=5435"},{"taxonomy":"post_tag","embeddable":true,"href":"https:\/\/centers.ulbsibiu.ro\/ccsprise\/lact\/wp-json\/wp\/v2\/tags?post=5435"}],"curies":[{"name":"wp","href":"https:\/\/api.w.org\/{rel}","templated":true}]}}