{"id":5433,"date":"2018-10-02T16:55:27","date_gmt":"2018-10-02T14:55:27","guid":{"rendered":"https:\/\/centers.ulbsibiu.ro\/ccsprise\/lact\/?p=5433"},"modified":"2018-10-02T16:55:27","modified_gmt":"2018-10-02T14:55:27","slug":"gov-md-intrevederea-viceprim-ministrului-cristina-lesnic-cu-reprezentantul-special-al-federatiei-ruse-in-reglementarea-transnistreana-serghei-gubarev-2","status":"publish","type":"post","link":"https:\/\/centers.ulbsibiu.ro\/ccsprise\/lact\/gov-md-intrevederea-viceprim-ministrului-cristina-lesnic-cu-reprezentantul-special-al-federatiei-ruse-in-reglementarea-transnistreana-serghei-gubarev-2\/","title":{"rendered":"Gov.md &#8211; \u00centrevederea Viceprim-ministrului Cristina Lesnic cu reprezentantul special al Federa\u021biei Ruse \u00een reglementarea transnistrean\u0103 Serghei Gubarev"},"content":{"rendered":"<p>Viceprim-ministrul Cristina Lesnic a avut ast\u0103zi, 01 octombrie curent, o \u00eentrevedere cu reprezentantul special al Federa\u021biei Ruse \u00een reglementarea transnistrean\u0103, Serghei Gubarev.<\/p>\n<p>Oficialii au purtat discu\u021bii pe marginea subiectelor abordate \u00een cadrul dialogului dintre Chi\u0219in\u0103u \u0219i Tiraspol, evolu\u021biilor recent \u00eenregistrate \u00een procesul de negocieri, fiind eviden\u021biate rezultatele ob\u021binute \u00een implementarea unor teme ce figureaz\u0103 \u00een pachetul \u201eBerlin plus\u201d, \u00een particular, pe subiectul \u0219colilor cu predare \u00een grafie latin\u0103 din regiunea transnistrean\u0103, terenurilor agricole din raionul Dub\u0103sari, mecanismului de acces \u00een traficul rutier interna\u021bional a autovehiculelor din raioanele de est ale \u021b\u0103rii, asigur\u0103rii liberei circula\u021bii \u00eentre cele dou\u0103 maluri ale Nistrului.<\/p>\n<p>Cu referire la aspecte ce \u021bin de libera circula\u021bie a elevilor \u0219i profesorilor din cadrul \u0219colilor cu predare \u00een grafie latin\u0103 din regiunea transnistrean\u0103, Vicepremierul a insistat ca acest aspect s\u0103 fie implementat \u00een totalitate \u00een conformitate cu prevederile Deciziei protocolare semnate \u00een acest sens.<\/p>\n<p><em>\u201eCopiii, p\u0103rtini\u021bii lor, precum \u0219i profesorii din aceste institu\u021bii trebuie s\u0103 aib\u0103 un acces necondi\u021bionat \u0219i s\u0103 circule liber pe \u00eentregul teritoriul \u021b\u0103rii. Solicit mai mult\u0103 maturitate pentru ca ini\u021biativa Chi\u0219in\u0103ului privind excluderea regimului de notificare pentru elevi, p\u0103rin\u021bii acestora \u0219i profesori din \u0219colile cu predare \u00een grafie latin\u0103 s\u0103 fie sus\u021binut\u201d,<\/em> a specificat Cristina Lesnic.<\/p>\n<p>\u00cen contextul discu\u021biilor pe marginea subiectului privind podul de la Gura B\u00e2cului-B\u00e2cioc, Vicepremierul a atras aten\u021bia asupra indispensabilit\u0103\u021bii de a fi asigurat\u0103 libera circula\u021bie pentru locuitorii \u0219i autovehiculele de pe ambele maluri ale Nistrului \u0219i de a fi exclus\u0103 instalarea unor pretinse terminale vamale neautorizate \u00een s. B\u00e2cioc.<\/p>\n<p>Vicepremierul a solicitat contribuirea reprezentantului special al Federa\u021biei Ruse \u00een reglementarea transnistrean\u0103 la procesul punerii \u00een aplicare a circula\u021biei libere \u0219i necondi\u021bionate.<\/p>\n<p>Cei doi oficiali \u0219i-au manifestat deschiderea \u00een continuarea dialogului \u0219i au reiterat necesitatea continu\u0103rii \u00eentreprinderii ac\u021biunilor pozitive \u00een interesul popula\u021biei de pe ambele maluri ale Nistrului.<\/p>\n<p>Sursa:\u00a0<a href=\"https:\/\/gov.md\/ro\/content\/intrevederea-viceprim-ministrului-cristina-lesnic-cu-reprezentantul-special-al-federatiei-1\">https:\/\/gov.md\/<\/a><\/p>\n","protected":false},"excerpt":{"rendered":"<p>Viceprim-ministrul Cristina Lesnic a avut ast\u0103zi, 01 octombrie curent, o \u00eentrevedere cu reprezentantul special al Federa\u021biei Ruse \u00een reglementarea transnistrean\u0103, Serghei Gubarev. Oficialii au purtat discu\u021bii pe marginea subiectelor abordate \u00een cadrul dialogului dintre Chi\u0219in\u0103u \u0219i Tiraspol, evolu\u021biilor recent \u00eenregistrate \u00een procesul de negocieri, fiind eviden\u021biate rezultatele ob\u021binute \u00een implementarea unor teme ce figureaz\u0103 \u00een&#8230;<\/p>\n","protected":false},"author":2,"featured_media":0,"comment_status":"closed","ping_status":"open","sticky":false,"template":"","format":"standard","meta":[],"categories":[1],"tags":[],"_links":{"self":[{"href":"https:\/\/centers.ulbsibiu.ro\/ccsprise\/lact\/wp-json\/wp\/v2\/posts\/5433"}],"collection":[{"href":"https:\/\/centers.ulbsibiu.ro\/ccsprise\/lact\/wp-json\/wp\/v2\/posts"}],"about":[{"href":"https:\/\/centers.ulbsibiu.ro\/ccsprise\/lact\/wp-json\/wp\/v2\/types\/post"}],"author":[{"embeddable":true,"href":"https:\/\/centers.ulbsibiu.ro\/ccsprise\/lact\/wp-json\/wp\/v2\/users\/2"}],"replies":[{"embeddable":true,"href":"https:\/\/centers.ulbsibiu.ro\/ccsprise\/lact\/wp-json\/wp\/v2\/comments?post=5433"}],"version-history":[{"count":1,"href":"https:\/\/centers.ulbsibiu.ro\/ccsprise\/lact\/wp-json\/wp\/v2\/posts\/5433\/revisions"}],"predecessor-version":[{"id":5434,"href":"https:\/\/centers.ulbsibiu.ro\/ccsprise\/lact\/wp-json\/wp\/v2\/posts\/5433\/revisions\/5434"}],"wp:attachment":[{"href":"https:\/\/centers.ulbsibiu.ro\/ccsprise\/lact\/wp-json\/wp\/v2\/media?parent=5433"}],"wp:term":[{"taxonomy":"category","embeddable":true,"href":"https:\/\/centers.ulbsibiu.ro\/ccsprise\/lact\/wp-json\/wp\/v2\/categories?post=5433"},{"taxonomy":"post_tag","embeddable":true,"href":"https:\/\/centers.ulbsibiu.ro\/ccsprise\/lact\/wp-json\/wp\/v2\/tags?post=5433"}],"curies":[{"name":"wp","href":"https:\/\/api.w.org\/{rel}","templated":true}]}}