{"id":5431,"date":"2018-10-01T18:45:02","date_gmt":"2018-10-01T16:45:02","guid":{"rendered":"https:\/\/centers.ulbsibiu.ro\/ccsprise\/lact\/?p=5431"},"modified":"2018-10-01T18:45:02","modified_gmt":"2018-10-01T16:45:02","slug":"deschide-md-noi-aplicatii-militare-cu-implicarea-rezervistilor-in-transnistria","status":"publish","type":"post","link":"https:\/\/centers.ulbsibiu.ro\/ccsprise\/lact\/deschide-md-noi-aplicatii-militare-cu-implicarea-rezervistilor-in-transnistria\/","title":{"rendered":"Deschide.md &#8211; Noi aplica\u021bii militare cu implicarea rezervi\u0219tilor, \u00een Transnistria"},"content":{"rendered":"<p><span lang=\"IT\">Tiraspolul continu\u0103 s\u0103 sfideze Chi\u0219in\u0103u. Ast\u0103zi au demarat antrenamentele a\u0219a-numitului stat major al pretinsei armate transnistrene.<\/span><\/p>\n<p><span lang=\"IT\">Una dintre unit\u0103\u021bile militare ilegale din st\u00e2nga Nistrului a fost ridicat\u0103 \u00een regim de alert\u0103. Militarii au primit armament \u0219i muni\u021bii \u0219i au fost trimi\u0219i \u00eentr-un loc stabilit de comandament, noteaz\u0103 serviciul de pres\u0103 al a\u0219a-zisului Minister al Ap\u0103r\u0103rii de la Tiraspol.<\/span><\/p>\n<p><span lang=\"IT\">Paralel, separati\u0219tii de la Tiraspol au chemat la antrenament \u0219i rezervi\u0219tii. Ace\u0219tia au fost chema\u021bi s\u0103 se prezinte la unit\u0103\u021bile militare unde anterior \u0219i-au desf\u0103\u0219urat serviciul militar.<\/span><\/p>\n<p><span lang=\"IT\">Unul dintre comanda\u021bii din cadrul pretinsului mare stat major al armatei transnistrene a declarat c\u0103 militarii vor avea exerci\u021bii tactice \u0219i vor fi obliga\u021bi s\u0103 dea normative la trageri din diferite tipuri de armament.<\/span><\/p>\n<p><span lang=\"IT\">Asemenea exerci\u021bii militare au loc \u00een regiunea transnistrean\u0103 anual, se mai spune \u00een comunicatul pretinsului Minister al Ap\u0103r\u0103rii de la Tiraspol.<\/span><\/p>\n<p>Sursa:\u00a0<a href=\"https:\/\/deschide.md\/ro\/stiri\/politic\/37383\/Noi-aplica\u021bii-militare-cu-implicarea-rezervi\u0219tilor-\u00een-Transnistria.htm\">https:\/\/deschide.md<\/a><\/p>\n","protected":false},"excerpt":{"rendered":"<p>Tiraspolul continu\u0103 s\u0103 sfideze Chi\u0219in\u0103u. Ast\u0103zi au demarat antrenamentele a\u0219a-numitului stat major al pretinsei armate transnistrene. Una dintre unit\u0103\u021bile militare ilegale din st\u00e2nga Nistrului a fost ridicat\u0103 \u00een regim de alert\u0103. Militarii au primit armament \u0219i muni\u021bii \u0219i au fost trimi\u0219i \u00eentr-un loc stabilit de comandament, noteaz\u0103 serviciul de pres\u0103 al a\u0219a-zisului Minister al Ap\u0103r\u0103rii&#8230;<\/p>\n","protected":false},"author":2,"featured_media":0,"comment_status":"closed","ping_status":"open","sticky":false,"template":"","format":"standard","meta":[],"categories":[1],"tags":[],"_links":{"self":[{"href":"https:\/\/centers.ulbsibiu.ro\/ccsprise\/lact\/wp-json\/wp\/v2\/posts\/5431"}],"collection":[{"href":"https:\/\/centers.ulbsibiu.ro\/ccsprise\/lact\/wp-json\/wp\/v2\/posts"}],"about":[{"href":"https:\/\/centers.ulbsibiu.ro\/ccsprise\/lact\/wp-json\/wp\/v2\/types\/post"}],"author":[{"embeddable":true,"href":"https:\/\/centers.ulbsibiu.ro\/ccsprise\/lact\/wp-json\/wp\/v2\/users\/2"}],"replies":[{"embeddable":true,"href":"https:\/\/centers.ulbsibiu.ro\/ccsprise\/lact\/wp-json\/wp\/v2\/comments?post=5431"}],"version-history":[{"count":1,"href":"https:\/\/centers.ulbsibiu.ro\/ccsprise\/lact\/wp-json\/wp\/v2\/posts\/5431\/revisions"}],"predecessor-version":[{"id":5432,"href":"https:\/\/centers.ulbsibiu.ro\/ccsprise\/lact\/wp-json\/wp\/v2\/posts\/5431\/revisions\/5432"}],"wp:attachment":[{"href":"https:\/\/centers.ulbsibiu.ro\/ccsprise\/lact\/wp-json\/wp\/v2\/media?parent=5431"}],"wp:term":[{"taxonomy":"category","embeddable":true,"href":"https:\/\/centers.ulbsibiu.ro\/ccsprise\/lact\/wp-json\/wp\/v2\/categories?post=5431"},{"taxonomy":"post_tag","embeddable":true,"href":"https:\/\/centers.ulbsibiu.ro\/ccsprise\/lact\/wp-json\/wp\/v2\/tags?post=5431"}],"curies":[{"name":"wp","href":"https:\/\/api.w.org\/{rel}","templated":true}]}}