{"id":5429,"date":"2018-10-01T18:42:09","date_gmt":"2018-10-01T16:42:09","guid":{"rendered":"https:\/\/centers.ulbsibiu.ro\/ccsprise\/lact\/?p=5429"},"modified":"2018-10-01T18:42:09","modified_gmt":"2018-10-01T16:42:09","slug":"infotag-md-conflictul-transnistrean-s-a-copt-suficient-pentru-a-fi-solutionat-reprezentantul-special-al-osce","status":"publish","type":"post","link":"https:\/\/centers.ulbsibiu.ro\/ccsprise\/lact\/infotag-md-conflictul-transnistrean-s-a-copt-suficient-pentru-a-fi-solutionat-reprezentantul-special-al-osce\/","title":{"rendered":"Infotag.md &#8211; CONFLICTUL TRANSNISTREAN \u201eS-A COPT\u201d SUFICIENT PENTRU A FI SOLU\u0162IONAT \u2013 REPREZENTANTUL SPECIAL AL OSCE"},"content":{"rendered":"<p>Conflictul transnistrean \u201es-a copt\u201d suficient pentru a fi solu\u0163ionat, consider\u0103 reprezentantul special al pre\u015fedin\u0163iei \u00een exerci\u0163iu a OSCE pentru reglementarea transnistrean\u0103, Franco Frattini.<\/p>\n<p>Potrivit agen\u0163iei INFOTAG, \u00eentr-un interviu pentru \u201eAdev\u0103rul european\u201d, el a men\u0163ionat c\u0103 \u00een acest domeniu au fost atinse \u201emai multe succese: a fost rezolvat\u0103 problema eliber\u0103rii pl\u0103cu\u021belor de \u00eenmatriculare transnistrene, exist\u0103 progrese \u00een ceea ce prive\u0219te accesul agricultorilor la terenurile din raionul Dub\u0103sari, fapt care reprezint\u0103 realiz\u0103ri concrete\u201d.<\/p>\n<p>Referindu-se la posibilitatea de a lansa negocierile privind statutul politic al regiunii, el a men\u021bionat dorin\u021ba Chi\u0219in\u0103ului \u0219i a Tiraspolului \u00een acest sens, dar mai \u00eent\u00e2i trebuie \u00eendeplinite toate celelalte acorduri \u2013 pe dimensiunea socio-economic\u0103 \u0219i general-uman\u0103\u201d.<\/p>\n<p>\u201e\u0218i dac\u0103 facem acest lucru acum, atunci p\u00e2n\u0103 la sf\u00e2r\u0219itul anului vom desf\u0103\u015fura la Roma o \u00eentrevedere \u00een formatul \u201e5+2\u201d, unde \u00eei voi comunica succesorului meu c\u0103 negocierile au devenit posibile. Strategia mea este de a nu deschide \u00eentreb\u0103ri politice p\u00e2n\u0103 c\u00e2nd nu se vor lua m\u0103surile anterioare. Pentru c\u0103, dac\u0103 \u00eencerc\u0103m s\u0103 realiz\u0103m totul \u00een acela\u0219i timp, atunci vom bloca totul. Nu vreau s\u0103 fiu prea ambi\u021bios \u0219i s\u0103 m\u0103 confrunt cu riscul de a nu ob\u021bine nimic. Sunt sigur c\u0103 Moldova \u0219i Transnistria, de asemenea, nu vor accepta deschiderea co\u0219ului politic p\u00e2n\u0103 c\u00e2nd nu vor fi ob\u021binute alte rezultate\u201d, a spus Frattini.<\/p>\n<p>El a subliniat c\u0103 au avut loc consult\u0103ri informale privind partea politic\u0103 a reglement\u0103rii transnistrene: \u201e\u00cen orice caz, aceasta va fi o regiune cu statut special \u00een Moldova. Suveranitatea sa nu poate fi \u00eemp\u0103r\u021bit\u0103. Acest lucru a fost deja hot\u0103r\u00e2t\u201d.<\/p>\n<p>Coment\u00e2nd rolul posibil al Transnistriei ca factor de blocaj \u00een alegerea vectorului Moldovei, diplomatul a remarcat c\u0103 \u201eel a fost \u00eentotdeauna \u00eempotriva ideii de a opune vectorul estic celui occidental\u201d.<\/p>\n<p>\u201e\u00cen\u021beleg situa\u021bia de la Tiraspol, unde locuiesc mul\u021bi ucraineni, ru\u0219i \u0219i moldoveni. \u0218i nu cred c\u0103 ei trebuie pu\u015fi \u00een fa\u0163a unei alegeri\u201d, a subliniat Frattini.<\/p>\n<p>Coment\u00e2nd dorin\u0163a Moldovei de aderarea la UE, diplomatul a men\u021bionat c\u0103 \u201ecalitatea de membru este o chestiune de viitor, iar p\u00e2n\u0103 acolo mai este mult: acum nu e vorba de calitatea de membru, ci de consolidarea cooper\u0103rii dintre Moldova \u0219i UE\u201d<\/p>\n<p>\u201eMulte se vor schimba de \u00eendat\u0103 ce oamenii de la Tiraspol vor sim\u021bi beneficiile unei cooper\u0103ri mai str\u00e2nse cu UE. De exemplu, Uniunea european\u0103 ofer\u0103 finan\u021bare pentru proiectul de renovare a podului (Gura B\u00e2cului &#8211; \u201eI.\u201c) \u0218i c\u00e2nd oamenii vor \u00een\u0163elege c\u0103, datorit\u0103 UE, ei vor avea un pod sigur, pe unde camioanele de la Tiraspol pot ajunge la Bucure\u0219ti, atunci oamenii din Transnistria vor c\u0103dea pe g\u00e2nduri: \u201ePoate c\u0103 aceasta este important \u015fi pentru noi?\u201d, a remarcat diplomatul.<\/p>\n<p>Sursa:\u00a0<a href=\"http:\/\/www.infotag.md\/rebelion-ro\/267350\/\">http:\/\/www.infotag.md\/<\/a><\/p>\n","protected":false},"excerpt":{"rendered":"<p>Conflictul transnistrean \u201es-a copt\u201d suficient pentru a fi solu\u0163ionat, consider\u0103 reprezentantul special al pre\u015fedin\u0163iei \u00een exerci\u0163iu a OSCE pentru reglementarea transnistrean\u0103, Franco Frattini. Potrivit agen\u0163iei INFOTAG, \u00eentr-un interviu pentru \u201eAdev\u0103rul european\u201d, el a men\u0163ionat c\u0103 \u00een acest domeniu au fost atinse \u201emai multe succese: a fost rezolvat\u0103 problema eliber\u0103rii pl\u0103cu\u021belor de \u00eenmatriculare transnistrene, exist\u0103 progrese&#8230;<\/p>\n","protected":false},"author":2,"featured_media":0,"comment_status":"closed","ping_status":"open","sticky":false,"template":"","format":"standard","meta":[],"categories":[1],"tags":[],"_links":{"self":[{"href":"https:\/\/centers.ulbsibiu.ro\/ccsprise\/lact\/wp-json\/wp\/v2\/posts\/5429"}],"collection":[{"href":"https:\/\/centers.ulbsibiu.ro\/ccsprise\/lact\/wp-json\/wp\/v2\/posts"}],"about":[{"href":"https:\/\/centers.ulbsibiu.ro\/ccsprise\/lact\/wp-json\/wp\/v2\/types\/post"}],"author":[{"embeddable":true,"href":"https:\/\/centers.ulbsibiu.ro\/ccsprise\/lact\/wp-json\/wp\/v2\/users\/2"}],"replies":[{"embeddable":true,"href":"https:\/\/centers.ulbsibiu.ro\/ccsprise\/lact\/wp-json\/wp\/v2\/comments?post=5429"}],"version-history":[{"count":1,"href":"https:\/\/centers.ulbsibiu.ro\/ccsprise\/lact\/wp-json\/wp\/v2\/posts\/5429\/revisions"}],"predecessor-version":[{"id":5430,"href":"https:\/\/centers.ulbsibiu.ro\/ccsprise\/lact\/wp-json\/wp\/v2\/posts\/5429\/revisions\/5430"}],"wp:attachment":[{"href":"https:\/\/centers.ulbsibiu.ro\/ccsprise\/lact\/wp-json\/wp\/v2\/media?parent=5429"}],"wp:term":[{"taxonomy":"category","embeddable":true,"href":"https:\/\/centers.ulbsibiu.ro\/ccsprise\/lact\/wp-json\/wp\/v2\/categories?post=5429"},{"taxonomy":"post_tag","embeddable":true,"href":"https:\/\/centers.ulbsibiu.ro\/ccsprise\/lact\/wp-json\/wp\/v2\/tags?post=5429"}],"curies":[{"name":"wp","href":"https:\/\/api.w.org\/{rel}","templated":true}]}}