{"id":5421,"date":"2018-09-29T17:20:52","date_gmt":"2018-09-29T15:20:52","guid":{"rendered":"https:\/\/centers.ulbsibiu.ro\/ccsprise\/lact\/?p=5421"},"modified":"2018-09-29T17:20:52","modified_gmt":"2018-09-29T15:20:52","slug":"gov-md-activitatea-grupurilor-de-lucru-sectoriale-pe-dimensiunea-transnistreana-a-fost-evaluata-in-cadrul-unei-sedinte-conduse-de-viceprim-ministrul-pentru-reintegrare","status":"publish","type":"post","link":"https:\/\/centers.ulbsibiu.ro\/ccsprise\/lact\/gov-md-activitatea-grupurilor-de-lucru-sectoriale-pe-dimensiunea-transnistreana-a-fost-evaluata-in-cadrul-unei-sedinte-conduse-de-viceprim-ministrul-pentru-reintegrare\/","title":{"rendered":"Gov.md &#8211; Activitatea grupurilor de lucru sectoriale pe dimensiunea transnistrean\u0103 a fost evaluat\u0103 \u00een cadrul unei \u0219edin\u021be conduse de Viceprim-ministrul pentru reintegrare"},"content":{"rendered":"<p>Ast\u0103zi, 28 septembrie curent, Viceprim-ministrul pentru reintegrare Cristina Lesnic a convocat \u00een \u0219edin\u021b\u0103 conduc\u0103torii celor 9 grupuri de lucru \u0219i 2 subgrupuri de lucru, care poart\u0103 discu\u021biile dintre Chi\u0219in\u0103u \u0219i Tiraspol pe problematica transnistrean\u0103.<\/p>\n<p>\u00cen cadrul bilan\u021bului de activitate pentru 9 luni ale anului curent, Vicepremierul a evaluat dinamica \u0219i activitatea exper\u021bilor de profil, a eviden\u021biat reu\u0219itele, dar \u0219i deficien\u021bele, care necesit\u0103\u00a0 interven\u021bia factorilor decizionali.<\/p>\n<p>Cele mai active grupuri de lucru s-au dovedit a fi cele care gestioneaz\u0103 domeniile dezvolt\u0103rii transportului auto \u0219i infrastructurii drumurilor, ocrotirii s\u0103n\u0103t\u0103\u021bii, telecomunica\u021bii \u0219i servicii po\u0219tale, precum \u0219i economie, comer\u021b \u0219i activitate comercial\u0103 extern\u0103, urmate de domeniul educa\u021biei.<\/p>\n<p>A fost notat faptul c\u0103 relansarea subgrupului de lucru pe domeniul drepturilor omului \u0219i participarea Avocatului Poporului \u00een cadrul acestei platforme constituie un \u00eenceput pentru a aborda promovarea drepturilor \u0219i libert\u0103\u021bilor omului.<\/p>\n<p>\u00cen cadrul \u0219edin\u021bei s-a discutat, de asemenea, despre nivelul de implementare a deciziilor Comisiei Guvernamentale pentru reintegrarea \u021b\u0103rii, precum \u0219i despre solu\u021biile creative \u0219i ini\u021biativele care trebuie s\u0103 stimuleze o abordare comun\u0103 \u0219i comprehensiv\u0103 a dialogului purtat dintre Chi\u0219in\u0103u \u0219i Tiraspol.<\/p>\n<p>Caracterul emblematic al unor probleme a fost elucidat \u00een scopul monitoriz\u0103rii acestor subiecte \u0219i asigur\u0103rii unei interven\u021bii calificate \u0219i imediate.<\/p>\n<p>La fel, problematica incidentelor din Zona de Securitate \u0219i pozi\u021bia delega\u021biei moldovene\u0219ti \u00een Comisia Unificat\u0103 de Control asupra acestora a fost reiterat\u0103 \u00een cadrul reuniunii oficiale.<\/p>\n<p>Un subiect distinct a vizat cauzele aflate pe rolul Cur\u021bii Europene a Drepturilor Omului, care provin din regiuni nerecunoscute \u0219i executarea acestora, \u00een egal\u0103 m\u0103sur\u0103 continuarea \u00a0\u00eendeplinirii\u00a0 obliga\u021biilor pozitive de c\u0103tre autorit\u0103\u021bile Republicii Moldova.<\/p>\n<p>Totodat\u0103, Viceprim-ministrul pentru reintegrare a pus accent pe comunicarea strategic\u0103 \u0219i opera\u021bional\u0103 eficient\u0103, informarea despre incidentele sau dificult\u0103\u021bile ap\u0103rute, presta\u021bia profesional\u0103 la toate nivelurile \u0219i informarea Biroului politici de reintegrare despre eventualele riscuri.<\/p>\n<p>Trecerea \u00een revist\u0103 a activit\u0103\u021bilor din Pachetul Berlin Plus \u0219i Protocolul de la Roma, protec\u021bia datelor cu caracter personal, precum \u0219i alte subiecte relevante au format obiectul discu\u021biilor propriu-zise.<\/p>\n<p>A fost reiterat\u0103 necesitatea dezvolt\u0103rii programelor de consolidare a \u00eencrederii de pe ambele maluri ale Nistrului.<\/p>\n<p>A fost apreciat\u0103 avansarea gradual\u0103 a dinamicii \u00een unele grupuri de lucru \u0219i pe anumite subiecte concrete, precum \u0219i \u00een\u021belegerea unor sensibilit\u0103\u021bi \u0219i utilitatea schimbului de opinii pentru \u00een\u021belegerea tabloului de ansamblu a procesului de negocieri.<\/p>\n<p>S-a consemnat caracterul dificil \u0219i complex al elabor\u0103rii mecanismului privind asigurarea \u00eenregistr\u0103rii mijloacelor de transport din regiunea transnistrean\u0103, adoptat \u0219i pus \u00een implementare \u00een timp scurt, or Guvernul a oferit sprijin substan\u021bial pentru ca aceste lucruri s\u0103 se transforme \u00een servicii concrete prestate pentru popula\u021bia de pe malul st\u00eeng al Nistrului.<\/p>\n<p>Conduc\u0103torii grupurilor de lucru sectoriale au prezentat situa\u021bia la zi \u0219i au punctat pa\u0219ii urm\u0103tori pe domeniile de responsabilitate.<\/p>\n<p>Vicepremierul Cristina Lesnic a solicitat tuturor celor prezen\u021bi concentrarea eforturilor pe activit\u0103\u021bile \u00een proces de implementare, efectuarea unei analize ample pe fiecare dintre domeniile sectoriale \u0219i formularea propunerilor relevante, care pot asigura consisten\u021ba dialogului \u00een beneficiul popula\u021biei de pe ambele maluri ale Nistrului.<\/p>\n<p>Sursa:\u00a0<a href=\"https:\/\/gov.md\/ro\/content\/activitatea-grupurilor-de-lucru-sectoriale-pe-dimensiunea-transnistreana-fost-evaluata\">https:\/\/gov.md\/<\/a><\/p>\n","protected":false},"excerpt":{"rendered":"<p>Ast\u0103zi, 28 septembrie curent, Viceprim-ministrul pentru reintegrare Cristina Lesnic a convocat \u00een \u0219edin\u021b\u0103 conduc\u0103torii celor 9 grupuri de lucru \u0219i 2 subgrupuri de lucru, care poart\u0103 discu\u021biile dintre Chi\u0219in\u0103u \u0219i Tiraspol pe problematica transnistrean\u0103. \u00cen cadrul bilan\u021bului de activitate pentru 9 luni ale anului curent, Vicepremierul a evaluat dinamica \u0219i activitatea exper\u021bilor de profil, a&#8230;<\/p>\n","protected":false},"author":2,"featured_media":0,"comment_status":"closed","ping_status":"open","sticky":false,"template":"","format":"standard","meta":[],"categories":[1],"tags":[],"_links":{"self":[{"href":"https:\/\/centers.ulbsibiu.ro\/ccsprise\/lact\/wp-json\/wp\/v2\/posts\/5421"}],"collection":[{"href":"https:\/\/centers.ulbsibiu.ro\/ccsprise\/lact\/wp-json\/wp\/v2\/posts"}],"about":[{"href":"https:\/\/centers.ulbsibiu.ro\/ccsprise\/lact\/wp-json\/wp\/v2\/types\/post"}],"author":[{"embeddable":true,"href":"https:\/\/centers.ulbsibiu.ro\/ccsprise\/lact\/wp-json\/wp\/v2\/users\/2"}],"replies":[{"embeddable":true,"href":"https:\/\/centers.ulbsibiu.ro\/ccsprise\/lact\/wp-json\/wp\/v2\/comments?post=5421"}],"version-history":[{"count":1,"href":"https:\/\/centers.ulbsibiu.ro\/ccsprise\/lact\/wp-json\/wp\/v2\/posts\/5421\/revisions"}],"predecessor-version":[{"id":5422,"href":"https:\/\/centers.ulbsibiu.ro\/ccsprise\/lact\/wp-json\/wp\/v2\/posts\/5421\/revisions\/5422"}],"wp:attachment":[{"href":"https:\/\/centers.ulbsibiu.ro\/ccsprise\/lact\/wp-json\/wp\/v2\/media?parent=5421"}],"wp:term":[{"taxonomy":"category","embeddable":true,"href":"https:\/\/centers.ulbsibiu.ro\/ccsprise\/lact\/wp-json\/wp\/v2\/categories?post=5421"},{"taxonomy":"post_tag","embeddable":true,"href":"https:\/\/centers.ulbsibiu.ro\/ccsprise\/lact\/wp-json\/wp\/v2\/tags?post=5421"}],"curies":[{"name":"wp","href":"https:\/\/api.w.org\/{rel}","templated":true}]}}