{"id":5419,"date":"2018-09-29T17:14:15","date_gmt":"2018-09-29T15:14:15","guid":{"rendered":"https:\/\/centers.ulbsibiu.ro\/ccsprise\/lact\/?p=5419"},"modified":"2018-09-29T17:14:15","modified_gmt":"2018-09-29T15:14:15","slug":"gov-md-reprezentantii-institutiilor-ombudsmanilor-din-diferite-tari-s-au-documentat-cu-activitatea-de-promovare-a-drepturilor-omului-in-regiunea-transnistreana","status":"publish","type":"post","link":"https:\/\/centers.ulbsibiu.ro\/ccsprise\/lact\/gov-md-reprezentantii-institutiilor-ombudsmanilor-din-diferite-tari-s-au-documentat-cu-activitatea-de-promovare-a-drepturilor-omului-in-regiunea-transnistreana\/","title":{"rendered":"Gov.md &#8211; Reprezentan\u021bii institu\u021biilor ombudsmanilor din diferite \u021b\u0103ri s-au documentat cu activitatea de promovare a drepturilor omului \u00een regiunea transnistrean\u0103"},"content":{"rendered":"<p>Ast\u0103zi, 28 septembrie 2018, reprezentan\u021bi ai institu\u021biilor ombudsmanilor din diferite \u021b\u0103ri (Austria, Lituania, Rom\u00e2nia etc), Oficiului Avocatului Poporului (OAP) din Republica Moldova \u0219i din Biroul politici de reintegrare au participat la o vizit\u0103 de documentare \u00een s.Varni\u021ba, raionul Anenii Noi, \u00een cadrul c\u0103reia s-au familiarizat cu activitatea reprezentan\u021bei teritoriale a OAP, care deserve\u0219te \u00een prezent \u0219i acord\u0103 asisten\u021ba necesar\u0103 persoanelor din localit\u0103\u021bile din regiunea transnistrean\u0103 \u0219i din mun.Bender.<\/p>\n<p>\u00cen procesul discu\u021biilor au fost punctate provoc\u0103rile \u0219i dificult\u0103\u021bile cu care se confrunt\u0103 promotorii drepturilor omului \u00een ap\u0103rarea\/ consilierea victimelor a c\u0103ror drepturi \u0219i libert\u0103\u021bi fundamentale sunt \u00eenc\u0103lcate \u00een raioanele de est ale \u021b\u0103rii, modul de interac\u021bionare cu ONG-urile de profil de pe ambele maluri ale Nistrului \u00eentru solu\u021bionarea unor cazuri urgente (de ex.: diferite forme de protec\u021bie \u00eempotriva violen\u021bei domestice, ocrotirea drepturilor copiilor r\u0103ma\u0219i f\u0103r\u0103 \u00eengrijire p\u0103rinteasc\u0103 sau f\u0103r\u0103 \u00eenso\u021bitor \u0219.a.), rolul partenerilor interna\u021bionali relevan\u021bi \u0219i necesitatea activiz\u0103rii tuturor actorilor interesa\u021bi \u00een vederea \u00eembun\u0103t\u0103\u021birii situa\u021biei drepturilor omului \u00een regiune.<\/p>\n<p>\u00cen context, s-a men\u021bionat \u0219i despre dinamica recent marcat\u0103 \u00een activitatea grupurilor de lucru pentru drepturile omului, cu implicarea exper\u021bilor de pe ambele maluri ale r.Nistru, dar \u0219i a fost subliniat aportul important al Biroului politici de reintegrare \u0219i a reprezentan\u021bilor Chi\u0219in\u0103ului \u00een procesul de negocieri pentru reglementarea transnistrean\u0103 \u00een monitorizarea \u0219i ap\u0103rarea drepturilor universal garantate ale locuitorilor din regiune.<\/p>\n<p>Cu prilejul desf\u0103\u0219ur\u0103rii acestui eveniment, participan\u021bilor li s-a oferit oportunitatea s\u0103 viziteze cetatea Tighina \u0219i situl istoric ,,Tab\u0103ra regelui Suediei Carol al XII-lea de la Varni\u0163a\u201d.<\/p>\n<p>Sursa:\u00a0<a href=\"https:\/\/gov.md\/ro\/content\/reprezentantii-institutiilor-ombudsmanilor-din-diferite-tari-s-au-documentat-cu-activitatea\">https:\/\/gov.md\/<\/a><\/p>\n","protected":false},"excerpt":{"rendered":"<p>Ast\u0103zi, 28 septembrie 2018, reprezentan\u021bi ai institu\u021biilor ombudsmanilor din diferite \u021b\u0103ri (Austria, Lituania, Rom\u00e2nia etc), Oficiului Avocatului Poporului (OAP) din Republica Moldova \u0219i din Biroul politici de reintegrare au participat la o vizit\u0103 de documentare \u00een s.Varni\u021ba, raionul Anenii Noi, \u00een cadrul c\u0103reia s-au familiarizat cu activitatea reprezentan\u021bei teritoriale a OAP, care deserve\u0219te \u00een prezent&#8230;<\/p>\n","protected":false},"author":2,"featured_media":0,"comment_status":"closed","ping_status":"open","sticky":false,"template":"","format":"standard","meta":[],"categories":[1],"tags":[],"_links":{"self":[{"href":"https:\/\/centers.ulbsibiu.ro\/ccsprise\/lact\/wp-json\/wp\/v2\/posts\/5419"}],"collection":[{"href":"https:\/\/centers.ulbsibiu.ro\/ccsprise\/lact\/wp-json\/wp\/v2\/posts"}],"about":[{"href":"https:\/\/centers.ulbsibiu.ro\/ccsprise\/lact\/wp-json\/wp\/v2\/types\/post"}],"author":[{"embeddable":true,"href":"https:\/\/centers.ulbsibiu.ro\/ccsprise\/lact\/wp-json\/wp\/v2\/users\/2"}],"replies":[{"embeddable":true,"href":"https:\/\/centers.ulbsibiu.ro\/ccsprise\/lact\/wp-json\/wp\/v2\/comments?post=5419"}],"version-history":[{"count":1,"href":"https:\/\/centers.ulbsibiu.ro\/ccsprise\/lact\/wp-json\/wp\/v2\/posts\/5419\/revisions"}],"predecessor-version":[{"id":5420,"href":"https:\/\/centers.ulbsibiu.ro\/ccsprise\/lact\/wp-json\/wp\/v2\/posts\/5419\/revisions\/5420"}],"wp:attachment":[{"href":"https:\/\/centers.ulbsibiu.ro\/ccsprise\/lact\/wp-json\/wp\/v2\/media?parent=5419"}],"wp:term":[{"taxonomy":"category","embeddable":true,"href":"https:\/\/centers.ulbsibiu.ro\/ccsprise\/lact\/wp-json\/wp\/v2\/categories?post=5419"},{"taxonomy":"post_tag","embeddable":true,"href":"https:\/\/centers.ulbsibiu.ro\/ccsprise\/lact\/wp-json\/wp\/v2\/tags?post=5419"}],"curies":[{"name":"wp","href":"https:\/\/api.w.org\/{rel}","templated":true}]}}