{"id":5409,"date":"2018-09-28T19:32:37","date_gmt":"2018-09-28T17:32:37","guid":{"rendered":"https:\/\/centers.ulbsibiu.ro\/ccsprise\/lact\/?p=5409"},"modified":"2018-09-28T19:32:37","modified_gmt":"2018-09-28T17:32:37","slug":"deschide-md-filip-intrevedere-cu-secretarul-general-onu-apreciem-interesul-dvs-pentru-diferendul-transnistrean","status":"publish","type":"post","link":"https:\/\/centers.ulbsibiu.ro\/ccsprise\/lact\/deschide-md-filip-intrevedere-cu-secretarul-general-onu-apreciem-interesul-dvs-pentru-diferendul-transnistrean\/","title":{"rendered":"Deschide.md &#8211; Filip, \u00eentrevedere cu Secretarul General ONU: Apreciem interesul Dvs pentru diferendul transnistrean"},"content":{"rendered":"<p>Author: Svetlana Maftei<\/p>\n<p>Premierul Pavel Filip \u0219i Secretarul General ONU Ant\u00f3nio Guterres au discutat ast\u0103zi despre reformarea arhitecturii ONU de men\u0163inere a p\u0103cii, cu accent pe prevenirea conflictelor. Premierul a apreciat faptul c\u0103 \u00een ianuarie 2018 aceste conflicte, inclusiv conflictul transnistrean, au fost incluse \u00een lista de priorit\u0103\u021bi ONU.<\/p>\n<p>\u00cen iunie curent, Adunarea General\u0103 a ONU a adoptat o rezolu\u021bie prin care a calificat ca fiind contrare dreptului interna\u021bional \u0219i neutralit\u0103\u021bii constitu\u021bionale a Republicii Moldova, at\u00e2t prezen\u021ba militar\u0103 str\u0103in\u0103, c\u00e2t \u0219i impunerea de condi\u021bii politice pentru retragerea complet\u0103 a trupelor ruse. S\u0103pt\u0103m\u00e2na trecut\u0103 a fost \u00eenscris un punct nou \u00een agenda actualei sesiuni privind \u201eRetragerea for\u021belor militare str\u0103ine de pe teritoriul Republicii Moldova\u201d.<\/p>\n<p>Pavel Filip a men\u021bionat c\u0103 retragerea for\u021belor militare din regiunea de est a \u021b\u0103rii va favoriza solu\u021bionarea problemei transnistrene: \u201eVom aprecia sprijinul Dvs. \u00een fixarea aten\u021biei ONU pe conflictul transnistrean \u0219i pe chestiunea retragerii trupelor str\u0103ine pentru prevenirea conflictelor \u0219i men\u021binerea p\u0103cii\u201d.<\/p>\n<p>Secretarul General a spus c\u0103 ONU \u00een\u021belege preocuparea Republicii Moldova pentru reglementarea conflictului transnistrean \u0219i retragerea trupelor str\u0103ine de pe teritoriul \u021b\u0103rii \u0219i va sus\u021bine eforturile care se fac \u00een aceast\u0103 direc\u021bie. Totodat\u0103, Ant\u00f3nio Guterres a apreciat pozitiv parteneriatul dintre ONU \u0219i Republica Moldova \u0219i a exprimat mul\u021bumiri pentru sus\u021binerea reformelor ini\u021biate \u00een cadrul Organiza\u021biei.<\/p>\n<p>La finalul \u00eentrevederii, Pavel Filip l-a invitat pe Secretarul General ONU s\u0103 viziteze \u021bara noastr\u0103, \u00een contextul unei vizite \u00een regiune.<\/p>\n<p>Sursa:\u00a0<a href=\"https:\/\/deschide.md\/ro\/stiri\/politic\/37270\/Filip-la-\u00eentrevederea-cu-Secretarul-General-ONU-\u201eApreciem-interesul-Organiza\u021biei-pentru-diferendul-transnistrean\u201d.htm\">https:\/\/deschide.md\/<\/a><\/p>\n","protected":false},"excerpt":{"rendered":"<p>Author: Svetlana Maftei Premierul Pavel Filip \u0219i Secretarul General ONU Ant\u00f3nio Guterres au discutat ast\u0103zi despre reformarea arhitecturii ONU de men\u0163inere a p\u0103cii, cu accent pe prevenirea conflictelor. Premierul a apreciat faptul c\u0103 \u00een ianuarie 2018 aceste conflicte, inclusiv conflictul transnistrean, au fost incluse \u00een lista de priorit\u0103\u021bi ONU. \u00cen iunie curent, Adunarea General\u0103 a&#8230;<\/p>\n","protected":false},"author":2,"featured_media":0,"comment_status":"closed","ping_status":"open","sticky":false,"template":"","format":"standard","meta":[],"categories":[1],"tags":[],"_links":{"self":[{"href":"https:\/\/centers.ulbsibiu.ro\/ccsprise\/lact\/wp-json\/wp\/v2\/posts\/5409"}],"collection":[{"href":"https:\/\/centers.ulbsibiu.ro\/ccsprise\/lact\/wp-json\/wp\/v2\/posts"}],"about":[{"href":"https:\/\/centers.ulbsibiu.ro\/ccsprise\/lact\/wp-json\/wp\/v2\/types\/post"}],"author":[{"embeddable":true,"href":"https:\/\/centers.ulbsibiu.ro\/ccsprise\/lact\/wp-json\/wp\/v2\/users\/2"}],"replies":[{"embeddable":true,"href":"https:\/\/centers.ulbsibiu.ro\/ccsprise\/lact\/wp-json\/wp\/v2\/comments?post=5409"}],"version-history":[{"count":1,"href":"https:\/\/centers.ulbsibiu.ro\/ccsprise\/lact\/wp-json\/wp\/v2\/posts\/5409\/revisions"}],"predecessor-version":[{"id":5410,"href":"https:\/\/centers.ulbsibiu.ro\/ccsprise\/lact\/wp-json\/wp\/v2\/posts\/5409\/revisions\/5410"}],"wp:attachment":[{"href":"https:\/\/centers.ulbsibiu.ro\/ccsprise\/lact\/wp-json\/wp\/v2\/media?parent=5409"}],"wp:term":[{"taxonomy":"category","embeddable":true,"href":"https:\/\/centers.ulbsibiu.ro\/ccsprise\/lact\/wp-json\/wp\/v2\/categories?post=5409"},{"taxonomy":"post_tag","embeddable":true,"href":"https:\/\/centers.ulbsibiu.ro\/ccsprise\/lact\/wp-json\/wp\/v2\/tags?post=5409"}],"curies":[{"name":"wp","href":"https:\/\/api.w.org\/{rel}","templated":true}]}}