{"id":5407,"date":"2018-09-28T19:26:04","date_gmt":"2018-09-28T17:26:04","guid":{"rendered":"https:\/\/centers.ulbsibiu.ro\/ccsprise\/lact\/?p=5407"},"modified":"2018-09-28T19:26:04","modified_gmt":"2018-09-28T17:26:04","slug":"publika-md-rusia-continua-sa-ameninte-securitatea-regionala-dar-si-sa-atenteze-la-ordinea-globala","status":"publish","type":"post","link":"https:\/\/centers.ulbsibiu.ro\/ccsprise\/lact\/publika-md-rusia-continua-sa-ameninte-securitatea-regionala-dar-si-sa-atenteze-la-ordinea-globala\/","title":{"rendered":"Publika.md &#8211; Rusia continu\u0103 s\u0103 amenin\u021be securitatea regional\u0103, dar \u0219i s\u0103 atenteze la ordinea global\u0103"},"content":{"rendered":"<p><strong>Rusia continu\u0103 s\u0103 amenin\u021be securitatea regional\u0103, dar \u0219i s\u0103 atenteze la ordinea global\u0103. Este opinia deputa\u021bilor din Georgia, Ucraina \u0219i Azerbaidjan, reuni\u021bi la Chi\u0219in\u0103u, \u00een cadrul Adun\u0103rii Parlamentare GUAM. <\/strong><\/p>\n<p>\u015eeful legislativului moldovean, Andrian Candu, a men\u021bionat c\u0103 principalele provoc\u0103ri r\u0103m\u00e2n conflictul transnistrean \u0219i lupta \u00eempotriva propagandei.<br \/>\n&#8220;Cu regret, de la crearea Adun\u0103rii, nu am re\u0219it s\u0103 ob\u021binem rezultate tangibile \u00een privin\u0163a acestui aspect. Azerbaidjan, Georgia, Moldova \u0219i acum Ucraina sufer\u0103 din aceast\u0103 cauz\u0103. De aceea, avem nevoie de ac\u021biuni comune, pentru a ne promova interesele \u0219i aspira\u021biile la nivel interna\u021bional&#8221;, a spus\u00a0pre\u0219edintele Parlamentului, Andrian Candu.<br \/>\n&#8220;Avem un punct comun trist, dar important. \u0162\u0103rile noastre trebuie s\u0103 lupte pentru integritatea teritorial\u0103&#8221;, a spus\u00a0Pre\u0219edintele Adun\u0103rii Parlamentare GUAM, Vadim Pistrinciuc.<\/p>\n<p><strong>\u0218i \u0219efii delega\u021bilor din Georgia, Ucraina \u015fi Azerbaidjan s-au referit la influen\u0163a negativ\u0103 venit\u0103 dinspre Rusia.<\/strong><br \/>\n&#8220;Teritoriile \u021b\u0103rilor noastre continu\u0103 s\u0103 fie ocupate, drepturile milioanelor de oameni sunt \u00eenc\u0103lcate \u0219i sunt nevoi\u021bi s\u0103 aib\u0103 statut de refugiat&#8221;, a spus\u00a0\u00a0\u0219eful delega\u021biei Adun\u0103rii Na\u021bionale a Republicii Azerbaidjan la AP GUAM, Azar Kirimli.<br \/>\n&#8220;Munca comun\u0103 pentru a face fa\u021b\u0103 acestei agresiuni politice pe care o duce Federa\u021bia Rus\u0103 \u00eempotriva \u021b\u0103rilor noastre reprezint\u0103 un element-cheie&#8221;, a spus\u00a0\u00a0\u0219eful interimar al delega\u021biei Radei Supreme a Ucrainei la AP GUAM, Ivan Krulko.<br \/>\n<strong>La finalul celei de-a 11-a sesiuni, \u021b\u0103rile urmeaz\u0103 s\u0103 semneze o declara\u021bie comun\u0103. \u00cen acest an, pre\u015fedin\u0163ia Organiza\u0163iei pentru Democra\u0163ie \u015fi Dezvoltare Economic\u0103 GUAM este de\u0163inut\u0103 de Moldova. La anul, o va prelua Ucraina.<\/strong><\/p>\n<p>Cite\u0219te mai mult: <a href=\"https:\/\/www.publika.md\/rusia-continua-sa-ameninte-securitatea-regionala-dar-si-sa-atenteze-la-ordinea-globala_3020225.html#ixzz5SQ0BxTUr\">https:\/\/www.publika.md\/rusia-continua-sa-ameninte-securitatea-regionala-dar-si-sa-atenteze-la-ordinea-globala_3020225.html#ixzz5SQ0BxTUr<\/a><br \/>\nFollow us: <a href=\"https:\/\/ec.tynt.com\/b\/rw?id=dWcNF856Wr5OkPrkHcnlKl&amp;u=publikatv\" target=\"_blank\" rel=\"noopener\">@publikatv on Twitter<\/a> | <a href=\"https:\/\/ec.tynt.com\/b\/rf?id=dWcNF856Wr5OkPrkHcnlKl&amp;u=publika.md\" target=\"_blank\" rel=\"noopener\">publika.md on Facebook<\/a><\/p>\n","protected":false},"excerpt":{"rendered":"<p>Rusia continu\u0103 s\u0103 amenin\u021be securitatea regional\u0103, dar \u0219i s\u0103 atenteze la ordinea global\u0103. Este opinia deputa\u021bilor din Georgia, Ucraina \u0219i Azerbaidjan, reuni\u021bi la Chi\u0219in\u0103u, \u00een cadrul Adun\u0103rii Parlamentare GUAM. \u015eeful legislativului moldovean, Andrian Candu, a men\u021bionat c\u0103 principalele provoc\u0103ri r\u0103m\u00e2n conflictul transnistrean \u0219i lupta \u00eempotriva propagandei. &#8220;Cu regret, de la crearea Adun\u0103rii, nu am re\u0219it&#8230;<\/p>\n","protected":false},"author":2,"featured_media":0,"comment_status":"closed","ping_status":"open","sticky":false,"template":"","format":"standard","meta":[],"categories":[1],"tags":[],"_links":{"self":[{"href":"https:\/\/centers.ulbsibiu.ro\/ccsprise\/lact\/wp-json\/wp\/v2\/posts\/5407"}],"collection":[{"href":"https:\/\/centers.ulbsibiu.ro\/ccsprise\/lact\/wp-json\/wp\/v2\/posts"}],"about":[{"href":"https:\/\/centers.ulbsibiu.ro\/ccsprise\/lact\/wp-json\/wp\/v2\/types\/post"}],"author":[{"embeddable":true,"href":"https:\/\/centers.ulbsibiu.ro\/ccsprise\/lact\/wp-json\/wp\/v2\/users\/2"}],"replies":[{"embeddable":true,"href":"https:\/\/centers.ulbsibiu.ro\/ccsprise\/lact\/wp-json\/wp\/v2\/comments?post=5407"}],"version-history":[{"count":1,"href":"https:\/\/centers.ulbsibiu.ro\/ccsprise\/lact\/wp-json\/wp\/v2\/posts\/5407\/revisions"}],"predecessor-version":[{"id":5408,"href":"https:\/\/centers.ulbsibiu.ro\/ccsprise\/lact\/wp-json\/wp\/v2\/posts\/5407\/revisions\/5408"}],"wp:attachment":[{"href":"https:\/\/centers.ulbsibiu.ro\/ccsprise\/lact\/wp-json\/wp\/v2\/media?parent=5407"}],"wp:term":[{"taxonomy":"category","embeddable":true,"href":"https:\/\/centers.ulbsibiu.ro\/ccsprise\/lact\/wp-json\/wp\/v2\/categories?post=5407"},{"taxonomy":"post_tag","embeddable":true,"href":"https:\/\/centers.ulbsibiu.ro\/ccsprise\/lact\/wp-json\/wp\/v2\/tags?post=5407"}],"curies":[{"name":"wp","href":"https:\/\/api.w.org\/{rel}","templated":true}]}}