{"id":5405,"date":"2018-09-28T19:22:37","date_gmt":"2018-09-28T17:22:37","guid":{"rendered":"https:\/\/centers.ulbsibiu.ro\/ccsprise\/lact\/?p=5405"},"modified":"2018-09-28T19:22:37","modified_gmt":"2018-09-28T17:22:37","slug":"gov-md-discutii-punctuale-cu-privire-la-implementarea-pachetului-berlin-plus-in-cadrul-intrevederii-bilaterale-a-viceprim-ministrului-pentru-reintegrare-cristina-lesnic-si-seful-misiunii-osce-in-re","status":"publish","type":"post","link":"https:\/\/centers.ulbsibiu.ro\/ccsprise\/lact\/gov-md-discutii-punctuale-cu-privire-la-implementarea-pachetului-berlin-plus-in-cadrul-intrevederii-bilaterale-a-viceprim-ministrului-pentru-reintegrare-cristina-lesnic-si-seful-misiunii-osce-in-re\/","title":{"rendered":"Gov.md &#8211; Discu\u021bii punctuale cu privire la implementarea Pachetului Berlin Plus \u00een cadrul \u00eentrevederii bilaterale a Viceprim-ministrului pentru reintegrare, Cristina Lesnic \u0219i \u0218eful Misiunii OSCE \u00een Republica Moldova, Claus Neukirch"},"content":{"rendered":"<p>Ast\u0103zi, Viceprim-ministrul pentru reintegrare, Cristina Lesnic a avut o \u00eentrevedere de lucru cu \u0218eful Misiunii OSCE \u00een Republica Moldova, Claus Neukirch pentru a discuta mai multe subiecte ce \u021bin de implementarea Pachetului Berlin Plus \u0219i Protocolului de la Roma.<\/p>\n<p>Printre subiectele punctuale ale \u00eentrevederii celor doi oficiali, subiectul \u0219colilor cu predare \u00een grafie latin\u0103 a fost unul punctual, \u00een particular datorit\u0103 discu\u021biei recente referitor la necesitatea implement\u0103rii Decizii CEDO \u00een spe\u021ba Catan versus Republica Moldova \u0219i Federa\u021bia Rus\u0103.<\/p>\n<p>Doamna Cristina Lesnic a punctat c\u0103 va insista pe ini\u021biativa constructiv\u0103 propus\u0103 Tiraspolului de a exclude notificarea prealabil\u0103 pentru elevii \u0219i profesorii \u0219colilor cu predare \u00een grafie latin\u0103, dar \u0219i a p\u0103rin\u021bilor acestora. Dreptul la educa\u021bie este unul inerent, iar excluderea copiilor din mediul politic trebuie s\u0103 le permit\u0103 s\u0103 se dezvolte \u00een egal\u0103 m\u0103sur\u0103 cu ceilal\u021bi semeni.<\/p>\n<p>Subiectul tarifelor pentru gaz, electricitate \u0219i alte costuri administrative a fost sesizat drept o diferen\u021biere cu alte \u0219coli din regiune \u0219i a fost sesizat drept o dificultate, care trebuie solu\u021bionat\u0103 c\u00e2t de cur\u00e2nd.<\/p>\n<p>\u00cen contextul mecanismului de \u00eenregistrare a mijloacelor de transport din regiunea transnistrean\u0103, precum \u0219i urmare \u0219edin\u021bei de lucru pe domeniul transportului, care a avut loc \u00eentre Chi\u0219in\u0103u \u0219i Tiraspol, la 26 septembrie curent, a fost abordat un spectru larg de detalii ce \u021bin de func\u021bionalitatea mecanismului, operativitatea activit\u0103\u021bii, dinamica \u0219i alte aspecte relevante.<\/p>\n<p>S-a convenit c\u0103 \u00een perioada imediat urm\u0103toare, o reuniune de lucru a ambasadorilor altor state, acreditate \u00een Republica Moldova ar fi util\u0103 pe domeniul accederii, din luna octombrie curent, \u00een trafic rutier interna\u021bional a locuitorilor din regiunea transnistrean\u0103.<\/p>\n<p>Reamintim c\u0103 la 10 septembrie 2018, primele certificate provizorii au fost eliberate noilor de\u021bin\u0103tori, care la \u00eenceputul lunii octombrie 2018, s-ar putea deplasa \u00een afara \u021b\u0103rii \u00een baza noilor numere de \u00eenmatriculare de tip neutru.<\/p>\n<p>Subiecte distincte discutate au vizat convocarea subgrupului de lucru pe domeniul drepturilor omului, terenurile agricole, telecomunica\u021bii, inclusiv organizarea unor discu\u021bii cu privire la activitatea delega\u021biei Republicii Moldova \u00een Comisia Unificat\u0103 de Control.<\/p>\n<p>Dialogul a fost unul constructiv \u0219i orientat pentru a g\u0103si solu\u021bii comune \u00een beneficiul popula\u021biei.<\/p>\n<p>Sursa:\u00a0<a href=\"https:\/\/gov.md\/ro\/content\/discutii-punctuale-cu-privire-la-implementarea-pachetului-berlin-plus-cadrul-intrevederii\">https:\/\/gov.md\/<\/a><\/p>\n","protected":false},"excerpt":{"rendered":"<p>Ast\u0103zi, Viceprim-ministrul pentru reintegrare, Cristina Lesnic a avut o \u00eentrevedere de lucru cu \u0218eful Misiunii OSCE \u00een Republica Moldova, Claus Neukirch pentru a discuta mai multe subiecte ce \u021bin de implementarea Pachetului Berlin Plus \u0219i Protocolului de la Roma. Printre subiectele punctuale ale \u00eentrevederii celor doi oficiali, subiectul \u0219colilor cu predare \u00een grafie latin\u0103 a&#8230;<\/p>\n","protected":false},"author":2,"featured_media":0,"comment_status":"closed","ping_status":"open","sticky":false,"template":"","format":"standard","meta":[],"categories":[1],"tags":[],"_links":{"self":[{"href":"https:\/\/centers.ulbsibiu.ro\/ccsprise\/lact\/wp-json\/wp\/v2\/posts\/5405"}],"collection":[{"href":"https:\/\/centers.ulbsibiu.ro\/ccsprise\/lact\/wp-json\/wp\/v2\/posts"}],"about":[{"href":"https:\/\/centers.ulbsibiu.ro\/ccsprise\/lact\/wp-json\/wp\/v2\/types\/post"}],"author":[{"embeddable":true,"href":"https:\/\/centers.ulbsibiu.ro\/ccsprise\/lact\/wp-json\/wp\/v2\/users\/2"}],"replies":[{"embeddable":true,"href":"https:\/\/centers.ulbsibiu.ro\/ccsprise\/lact\/wp-json\/wp\/v2\/comments?post=5405"}],"version-history":[{"count":1,"href":"https:\/\/centers.ulbsibiu.ro\/ccsprise\/lact\/wp-json\/wp\/v2\/posts\/5405\/revisions"}],"predecessor-version":[{"id":5406,"href":"https:\/\/centers.ulbsibiu.ro\/ccsprise\/lact\/wp-json\/wp\/v2\/posts\/5405\/revisions\/5406"}],"wp:attachment":[{"href":"https:\/\/centers.ulbsibiu.ro\/ccsprise\/lact\/wp-json\/wp\/v2\/media?parent=5405"}],"wp:term":[{"taxonomy":"category","embeddable":true,"href":"https:\/\/centers.ulbsibiu.ro\/ccsprise\/lact\/wp-json\/wp\/v2\/categories?post=5405"},{"taxonomy":"post_tag","embeddable":true,"href":"https:\/\/centers.ulbsibiu.ro\/ccsprise\/lact\/wp-json\/wp\/v2\/tags?post=5405"}],"curies":[{"name":"wp","href":"https:\/\/api.w.org\/{rel}","templated":true}]}}