{"id":5403,"date":"2018-09-27T17:20:38","date_gmt":"2018-09-27T15:20:38","guid":{"rendered":"https:\/\/centers.ulbsibiu.ro\/ccsprise\/lact\/?p=5403"},"modified":"2018-09-27T17:20:38","modified_gmt":"2018-09-27T15:20:38","slug":"infotag-md-transnistria-spera-ca-si-transportatorilor-comerciali-li-se-va-permite-sa-participe-la-traficul-rutier-international","status":"publish","type":"post","link":"https:\/\/centers.ulbsibiu.ro\/ccsprise\/lact\/infotag-md-transnistria-spera-ca-si-transportatorilor-comerciali-li-se-va-permite-sa-participe-la-traficul-rutier-international\/","title":{"rendered":"Infotag.md &#8211; TRANSNISTRIA SPER\u0102 C\u0102 \u015eI TRANSPORTATORILOR COMERCIALI LI SE VA PERMITE S\u0102 PARTICIPE LA TRAFICUL RUTIER INTERNA\u021aIONAL"},"content":{"rendered":"<p>Transnistria a propus Moldovei \u201es\u0103 \u00eenceap\u0103 lucr\u0103rile pentru coordonarea mecanismului de cooperare pe problemele legate de accesul vehiculelor care apar\u021bin transportatorilor comerciali ai RMN la traficul interna\u021bional\u201d.<\/p>\n<p>Potrivit agen\u0163iei INFOTAG cu referire la site-ul MAE al regiunii, acest apel a fost lansat \u00een ajun de partea transnistrean\u0103 la \u015fedin\u0163a grupurilor de lucru ale Transnistriei \u015fi Moldovei pentru dezvoltarea transportului \u015fi infrastructurii drumurilor, care a avut loc la oficiul OSCE de la Tiraspol.<\/p>\n<p>Participan\u021bii la \u015fedin\u0163\u0103 au discutat \u00een detaliu activitatea punctelor de \u00eenmatriculare a automobilelor, deschise recent la Tiraspol \u0219i R\u00e2bni\u021ba, statistica \u00eenmatricul\u0103rii mijloacelor de transport \u0219i eliberarea pl\u0103cu\u021belor de \u00eenmatriculare neutre, au examinat \u201ediferite modalit\u0103\u0163i de optimizare a procedurilor efectuate la puncte\u201d.<\/p>\n<p>S-a men\u0163ionat c\u0103, \u00een urm\u0103toarele s\u0103pt\u0103m\u00e2ni, proprietarii primelor mijloace de transport \u00eenmatriculate vor primi pa\u0219apoarte tehnice permanente \u0219i vor putea c\u0103l\u0103tori \u00een str\u0103in\u0103tate. \u00cen acela\u015fi timp, pentru vehiculele care nu sunt \u00eenregistrate \u00een puncte (care folosesc pl\u0103cu\u021bele de \u00eenmatriculare vechi) se men\u0163ine procedura existent\u0103 de participare la traficul interna\u021bional, inclusiv trecerea frontierei moldo-ucrainene.<\/p>\n<p>La ini\u021biativa reprezentan\u021bilor Transnistriei, p\u0103r\u021bile au discutat despre problemele pe care le \u00eent\u00e2mpin\u0103 la etapa actual\u0103 companiile transnistrene care presteaz\u0103 servicii \u00een domeniul transportului interna\u021bional de pasageri.<\/p>\n<p>Autorit\u0103\u021bile din regiune consider\u0103 c\u0103 transportatorii comerciali ar trebui, de asemenea, s\u0103 beneficieze de dreptul de a participa f\u0103r\u0103 probleme la traficul rutier interna\u021bional.<\/p>\n<p>Sursa:\u00a0<a href=\"http:\/\/www.infotag.md\/rebelion-ro\/267225\/\">http:\/\/www.infotag.md\/<\/a><\/p>\n","protected":false},"excerpt":{"rendered":"<p>Transnistria a propus Moldovei \u201es\u0103 \u00eenceap\u0103 lucr\u0103rile pentru coordonarea mecanismului de cooperare pe problemele legate de accesul vehiculelor care apar\u021bin transportatorilor comerciali ai RMN la traficul interna\u021bional\u201d. Potrivit agen\u0163iei INFOTAG cu referire la site-ul MAE al regiunii, acest apel a fost lansat \u00een ajun de partea transnistrean\u0103 la \u015fedin\u0163a grupurilor de lucru ale Transnistriei \u015fi&#8230;<\/p>\n","protected":false},"author":2,"featured_media":0,"comment_status":"closed","ping_status":"open","sticky":false,"template":"","format":"standard","meta":[],"categories":[1],"tags":[],"_links":{"self":[{"href":"https:\/\/centers.ulbsibiu.ro\/ccsprise\/lact\/wp-json\/wp\/v2\/posts\/5403"}],"collection":[{"href":"https:\/\/centers.ulbsibiu.ro\/ccsprise\/lact\/wp-json\/wp\/v2\/posts"}],"about":[{"href":"https:\/\/centers.ulbsibiu.ro\/ccsprise\/lact\/wp-json\/wp\/v2\/types\/post"}],"author":[{"embeddable":true,"href":"https:\/\/centers.ulbsibiu.ro\/ccsprise\/lact\/wp-json\/wp\/v2\/users\/2"}],"replies":[{"embeddable":true,"href":"https:\/\/centers.ulbsibiu.ro\/ccsprise\/lact\/wp-json\/wp\/v2\/comments?post=5403"}],"version-history":[{"count":1,"href":"https:\/\/centers.ulbsibiu.ro\/ccsprise\/lact\/wp-json\/wp\/v2\/posts\/5403\/revisions"}],"predecessor-version":[{"id":5404,"href":"https:\/\/centers.ulbsibiu.ro\/ccsprise\/lact\/wp-json\/wp\/v2\/posts\/5403\/revisions\/5404"}],"wp:attachment":[{"href":"https:\/\/centers.ulbsibiu.ro\/ccsprise\/lact\/wp-json\/wp\/v2\/media?parent=5403"}],"wp:term":[{"taxonomy":"category","embeddable":true,"href":"https:\/\/centers.ulbsibiu.ro\/ccsprise\/lact\/wp-json\/wp\/v2\/categories?post=5403"},{"taxonomy":"post_tag","embeddable":true,"href":"https:\/\/centers.ulbsibiu.ro\/ccsprise\/lact\/wp-json\/wp\/v2\/tags?post=5403"}],"curies":[{"name":"wp","href":"https:\/\/api.w.org\/{rel}","templated":true}]}}