{"id":5400,"date":"2018-09-27T17:18:05","date_gmt":"2018-09-27T15:18:05","guid":{"rendered":"https:\/\/centers.ulbsibiu.ro\/ccsprise\/lact\/?p=5400"},"modified":"2018-09-27T17:19:35","modified_gmt":"2018-09-27T15:19:35","slug":"gov-md-2","status":"publish","type":"post","link":"https:\/\/centers.ulbsibiu.ro\/ccsprise\/lact\/gov-md-2\/","title":{"rendered":"Gov.md &#8211; La Tiraspol a avut loc \u0219edin\u021ba grupurilor de lucru pentru dezvoltarea transportului auto \u0219i infrastructurii drumurilor"},"content":{"rendered":"<p>La 26 septembrie curent, la sediul din or. Tiraspol a Misiunii OSCE \u00een Republica\u00a0 Moldova a avut loc \u0219edin\u021ba grupurilor de lucru pentru dezvoltarea transportului auto \u0219i infrastructurii drumurilor, cu participarea reprezentan\u021bilor partenerilor interna\u021bionali din cadrul formatului de negocieri \u201e5+2\u201d. Delega\u021bia din partea Chi\u0219in\u0103ului a fost condus\u0103 de Serghei Buc\u0103taru, Secretar de stat din cadrul Ministerului Economiei \u0219i Infrastructurii.<\/p>\n<p>\u00cen cadrul \u0219edin\u021bei a fost f\u0103cut\u0103 o evaluare a activit\u0103\u021bii punctelor de \u00eenmatriculare a mijloacelor de transport din or. Tiraspol \u0219i R\u00e2bni\u021ba fiind stabilite o serie de ac\u021biuni menite s\u0103 contribuie la optimizarea \u0219i \u00eembun\u0103t\u0103\u021birea procesului de \u00eenmatriculare, reducerea timpului destinat acestei proceduri \u0219i a duratei de programare \u00een cadrul punctelor de \u00eenmatriculare.<\/p>\n<p>Urm\u0103toarea \u0219edin\u021b\u0103 a grupurilor de lucru va avea loc la Chi\u0219in\u0103u.<\/p>\n<p>Sursa:\u00a0<a href=\"https:\/\/gov.md\/ro\/content\/la-tiraspol-avut-loc-sedinta-grupurilor-de-lucru-pentru-dezvoltarea-transportului-auto-si-2\">https:\/\/gov.md\/<\/a><\/p>\n","protected":false},"excerpt":{"rendered":"<p>La 26 septembrie curent, la sediul din or. Tiraspol a Misiunii OSCE \u00een Republica\u00a0 Moldova a avut loc \u0219edin\u021ba grupurilor de lucru pentru dezvoltarea transportului auto \u0219i infrastructurii drumurilor, cu participarea reprezentan\u021bilor partenerilor interna\u021bionali din cadrul formatului de negocieri \u201e5+2\u201d. Delega\u021bia din partea Chi\u0219in\u0103ului a fost condus\u0103 de Serghei Buc\u0103taru, Secretar de stat din cadrul&#8230;<\/p>\n","protected":false},"author":2,"featured_media":0,"comment_status":"closed","ping_status":"open","sticky":false,"template":"","format":"standard","meta":[],"categories":[1],"tags":[],"_links":{"self":[{"href":"https:\/\/centers.ulbsibiu.ro\/ccsprise\/lact\/wp-json\/wp\/v2\/posts\/5400"}],"collection":[{"href":"https:\/\/centers.ulbsibiu.ro\/ccsprise\/lact\/wp-json\/wp\/v2\/posts"}],"about":[{"href":"https:\/\/centers.ulbsibiu.ro\/ccsprise\/lact\/wp-json\/wp\/v2\/types\/post"}],"author":[{"embeddable":true,"href":"https:\/\/centers.ulbsibiu.ro\/ccsprise\/lact\/wp-json\/wp\/v2\/users\/2"}],"replies":[{"embeddable":true,"href":"https:\/\/centers.ulbsibiu.ro\/ccsprise\/lact\/wp-json\/wp\/v2\/comments?post=5400"}],"version-history":[{"count":2,"href":"https:\/\/centers.ulbsibiu.ro\/ccsprise\/lact\/wp-json\/wp\/v2\/posts\/5400\/revisions"}],"predecessor-version":[{"id":5402,"href":"https:\/\/centers.ulbsibiu.ro\/ccsprise\/lact\/wp-json\/wp\/v2\/posts\/5400\/revisions\/5402"}],"wp:attachment":[{"href":"https:\/\/centers.ulbsibiu.ro\/ccsprise\/lact\/wp-json\/wp\/v2\/media?parent=5400"}],"wp:term":[{"taxonomy":"category","embeddable":true,"href":"https:\/\/centers.ulbsibiu.ro\/ccsprise\/lact\/wp-json\/wp\/v2\/categories?post=5400"},{"taxonomy":"post_tag","embeddable":true,"href":"https:\/\/centers.ulbsibiu.ro\/ccsprise\/lact\/wp-json\/wp\/v2\/tags?post=5400"}],"curies":[{"name":"wp","href":"https:\/\/api.w.org\/{rel}","templated":true}]}}