{"id":5398,"date":"2018-09-26T17:41:14","date_gmt":"2018-09-26T15:41:14","guid":{"rendered":"https:\/\/centers.ulbsibiu.ro\/ccsprise\/lact\/?p=5398"},"modified":"2018-09-26T17:41:14","modified_gmt":"2018-09-26T15:41:14","slug":"deschide-md-separatistii-de-la-tiraspol-ne-numara-exercitiile-militare","status":"publish","type":"post","link":"https:\/\/centers.ulbsibiu.ro\/ccsprise\/lact\/deschide-md-separatistii-de-la-tiraspol-ne-numara-exercitiile-militare\/","title":{"rendered":"Deschide.md &#8211; Separati\u0219tii de la Tiraspol ne num\u0103r\u0103 exerci\u021biile militare"},"content":{"rendered":"<p>Liderul separatist de la Tiraspol, Vadim Krasnoselski, a discutat cu reprezentantul regiumului separatist \u00een Comisia Unificat\u0103 de Control despre exerci\u021biile militare desf\u0103\u0219urate pe ambele maluri ale Nistrului \u0219i despre modernizarea punctelor de control \u00een zona de securitate.<\/p>\n<p>Reprezentantul Tiraspolului a men\u021bionat c\u0103 autorit\u0103\u021bile de la Chi\u0219in\u0103u au o atitudine \u201eneconstructiv\u0103\u201d \u00een ceea ce prive\u0219te manevrele militare, noteaz\u0103 novostipmr.com.<\/p>\n<p>\u201eExist\u0103 un interes sporit din partea Moldovei. Nou\u0103 ne sunt repro\u0219ate unele momente, \u00eens\u0103 Moldova a desf\u0103\u0219urat \u00een acest an la Bulboaca 14 exerci\u021bii militare, unele dintre ele cu \u021b\u0103ri NATO. Poligonul de la Bulboaca se afl\u0103 \u00een imediat\u0103 apropiere a Zonei de securitate\u201d, a spus reprezentantul Tiraspolului \u00een CUC.<\/p>\n<p>Vadim Krasnoselski a men\u021bionat c\u0103 exerci\u021biile militare sunt o practic\u0103 obi\u0219nuit\u0103 \u0219i chiar necesar\u0103 pentru men\u021binerea trupelor militare \u00een form\u0103. Acesta a subliniat c\u0103 trebuie s\u0103 fie creat un mecanism de \u00een\u0219tiin\u021bare atunci c\u00e2nd este vorba despre zona de securitate.<\/p>\n<p>Separatistul \u0219ef de la Tiraspol a men\u021bionat c\u0103 toate componentele misiunii de pacificare din care fac parte militarii ru\u0219i trebuie s\u0103 lucreze \u00eempreun\u0103 \u0219i s\u0103 nu \u00eencerce s\u0103 pun\u0103 \u201ebe\u021be \u00een roate\u201d misiunii per ansamblu.<\/p>\n<p>Copre\u0219edintele CUC din partea Transnistriei a mai ad\u0103ugat c\u0103 a fost modernizat un terminal vamal din zona de securitate, iar \u00een acela\u0219i timp, de partea Chi\u0219in\u0103ului au fost renovate \u0219ase vagoane \u00een zona de securitate.<\/p>\n<p>Vadim Krasnoselski s-a referit la protestele Chi\u0219in\u0103ului \u00een vederea schimb\u0103rilor Tiraspolului ale unor terminale \u00een zona de securitate. Liderul separatist a spus c\u0103 nu este vorba despre schimb\u0103ri \u00een mecanismul de func\u021bionare \u00een aceast\u0103 zon\u0103, doar de asigurarea unor condi\u021bii decente pentru colaboratorii transnistreni.<\/p>\n<p>Textul complet:\u00a0<a href=\"https:\/\/deschide.md\/ro\/stiri\/politic\/37162\/Separati\u0219tii-de-la-Tiraspol-ne-num\u0103r\u0103-exerci\u021biile-militare.htm\">https:\/\/deschide.md\/<\/a><\/p>\n","protected":false},"excerpt":{"rendered":"<p>Liderul separatist de la Tiraspol, Vadim Krasnoselski, a discutat cu reprezentantul regiumului separatist \u00een Comisia Unificat\u0103 de Control despre exerci\u021biile militare desf\u0103\u0219urate pe ambele maluri ale Nistrului \u0219i despre modernizarea punctelor de control \u00een zona de securitate. Reprezentantul Tiraspolului a men\u021bionat c\u0103 autorit\u0103\u021bile de la Chi\u0219in\u0103u au o atitudine \u201eneconstructiv\u0103\u201d \u00een ceea ce prive\u0219te manevrele&#8230;<\/p>\n","protected":false},"author":2,"featured_media":0,"comment_status":"closed","ping_status":"open","sticky":false,"template":"","format":"standard","meta":[],"categories":[1],"tags":[],"_links":{"self":[{"href":"https:\/\/centers.ulbsibiu.ro\/ccsprise\/lact\/wp-json\/wp\/v2\/posts\/5398"}],"collection":[{"href":"https:\/\/centers.ulbsibiu.ro\/ccsprise\/lact\/wp-json\/wp\/v2\/posts"}],"about":[{"href":"https:\/\/centers.ulbsibiu.ro\/ccsprise\/lact\/wp-json\/wp\/v2\/types\/post"}],"author":[{"embeddable":true,"href":"https:\/\/centers.ulbsibiu.ro\/ccsprise\/lact\/wp-json\/wp\/v2\/users\/2"}],"replies":[{"embeddable":true,"href":"https:\/\/centers.ulbsibiu.ro\/ccsprise\/lact\/wp-json\/wp\/v2\/comments?post=5398"}],"version-history":[{"count":1,"href":"https:\/\/centers.ulbsibiu.ro\/ccsprise\/lact\/wp-json\/wp\/v2\/posts\/5398\/revisions"}],"predecessor-version":[{"id":5399,"href":"https:\/\/centers.ulbsibiu.ro\/ccsprise\/lact\/wp-json\/wp\/v2\/posts\/5398\/revisions\/5399"}],"wp:attachment":[{"href":"https:\/\/centers.ulbsibiu.ro\/ccsprise\/lact\/wp-json\/wp\/v2\/media?parent=5398"}],"wp:term":[{"taxonomy":"category","embeddable":true,"href":"https:\/\/centers.ulbsibiu.ro\/ccsprise\/lact\/wp-json\/wp\/v2\/categories?post=5398"},{"taxonomy":"post_tag","embeddable":true,"href":"https:\/\/centers.ulbsibiu.ro\/ccsprise\/lact\/wp-json\/wp\/v2\/tags?post=5398"}],"curies":[{"name":"wp","href":"https:\/\/api.w.org\/{rel}","templated":true}]}}