{"id":5396,"date":"2018-09-26T17:36:08","date_gmt":"2018-09-26T15:36:08","guid":{"rendered":"https:\/\/centers.ulbsibiu.ro\/ccsprise\/lact\/?p=5396"},"modified":"2018-09-26T17:36:08","modified_gmt":"2018-09-26T15:36:08","slug":"ziarulnational-md-dodon-s-a-inteles-cu-dmitri-kozak-in-privinta-transnistriei-ne-am-exprimat-deschiderea-de-a-contribui-activ","status":"publish","type":"post","link":"https:\/\/centers.ulbsibiu.ro\/ccsprise\/lact\/ziarulnational-md-dodon-s-a-inteles-cu-dmitri-kozak-in-privinta-transnistriei-ne-am-exprimat-deschiderea-de-a-contribui-activ\/","title":{"rendered":"Ziarulnational.md &#8211; Dodon s-a \u00een\u021beles cu Dmitri Kozak \u00een privin\u021ba Transnistriei: \u201eNe-am exprimat deschiderea de a contribui activ\u201d"},"content":{"rendered":"<p>Pre\u0219edintele R. Moldova, Igor Dodon, a avut o \u00eentrevedere, la Moscova, cu reprezentantul special al pre\u0219edintelui Federa\u021biei Ruse pentru dezvoltarea rela\u021biilor comercial-economice cu R. Moldova, Dmitri Kozak, cu care a abordat at\u00e2t subiecte economice, c\u00e2t \u0219i problema diferendului transnistrean.<\/p>\n<p>Pre\u0219edintele Dodon a declarat c\u0103, \u00een cadrul \u00eentrevederii, au fost abordate mai multe subiecte ce \u021bin de starea \u0219i intensificarea raporturilor \u0219i colabor\u0103rii moldo-ruse.<\/p>\n<p>\u201eAm reiterat pozi\u021bia mea personal\u0103 c\u0103 R. Moldova trebuie s\u0103 aib\u0103 drept obiectiv echilibrul politic \u0219i economic \u00een rela\u021biile sale cu \u021b\u0103rile din Vest \u0219i cele din Est. Acest echilibru are o importan\u021b\u0103 vital\u0103 pentru statul nostru\u201d, afirm\u0103 Dodon.<\/p>\n<p>Totodat\u0103, \u0219eful statului sus\u021bine c\u0103 a avut un schimb de opinii cu privire la posibilit\u0103\u021bile de acordare a asisten\u021bei tehnice din partea Rusiei pentru produc\u0103torii moldoveni din domeniul agriculturii, dar nu a precizat despre ce anume este vorba.<\/p>\n<p>\u201eAm discutat \u00een detalii situa\u021bia din regiunea transnistrean\u0103 \u0219i perspectivele evolu\u021biei dialogului \u00een procesul de reglementare a diferendului transnistrean. Ne-am exprimat deschiderea de a contribui activ la m\u0103surile de consolidare a \u00eencrederii \u015fi de men\u021binere a unui dialog permanent \u00eentre reprezentan\u021bii ambelor maluri ale Nistrului\u201d, a mai ad\u0103ugat Dodon.<\/p>\n<p>Sursa:\u00a0<a href=\"https:\/\/www.ziarulnational.md\/dodon-s-a-inteles-cu-dmitri-kozak-in-privinta-transnistriei-ne-am-exprimat-deschiderea-de-a-contribui-activ\/\">https:\/\/www.ziarulnational.md\/<\/a><\/p>\n","protected":false},"excerpt":{"rendered":"<p>Pre\u0219edintele R. Moldova, Igor Dodon, a avut o \u00eentrevedere, la Moscova, cu reprezentantul special al pre\u0219edintelui Federa\u021biei Ruse pentru dezvoltarea rela\u021biilor comercial-economice cu R. Moldova, Dmitri Kozak, cu care a abordat at\u00e2t subiecte economice, c\u00e2t \u0219i problema diferendului transnistrean. Pre\u0219edintele Dodon a declarat c\u0103, \u00een cadrul \u00eentrevederii, au fost abordate mai multe subiecte ce \u021bin&#8230;<\/p>\n","protected":false},"author":2,"featured_media":0,"comment_status":"closed","ping_status":"open","sticky":false,"template":"","format":"standard","meta":[],"categories":[1],"tags":[],"_links":{"self":[{"href":"https:\/\/centers.ulbsibiu.ro\/ccsprise\/lact\/wp-json\/wp\/v2\/posts\/5396"}],"collection":[{"href":"https:\/\/centers.ulbsibiu.ro\/ccsprise\/lact\/wp-json\/wp\/v2\/posts"}],"about":[{"href":"https:\/\/centers.ulbsibiu.ro\/ccsprise\/lact\/wp-json\/wp\/v2\/types\/post"}],"author":[{"embeddable":true,"href":"https:\/\/centers.ulbsibiu.ro\/ccsprise\/lact\/wp-json\/wp\/v2\/users\/2"}],"replies":[{"embeddable":true,"href":"https:\/\/centers.ulbsibiu.ro\/ccsprise\/lact\/wp-json\/wp\/v2\/comments?post=5396"}],"version-history":[{"count":1,"href":"https:\/\/centers.ulbsibiu.ro\/ccsprise\/lact\/wp-json\/wp\/v2\/posts\/5396\/revisions"}],"predecessor-version":[{"id":5397,"href":"https:\/\/centers.ulbsibiu.ro\/ccsprise\/lact\/wp-json\/wp\/v2\/posts\/5396\/revisions\/5397"}],"wp:attachment":[{"href":"https:\/\/centers.ulbsibiu.ro\/ccsprise\/lact\/wp-json\/wp\/v2\/media?parent=5396"}],"wp:term":[{"taxonomy":"category","embeddable":true,"href":"https:\/\/centers.ulbsibiu.ro\/ccsprise\/lact\/wp-json\/wp\/v2\/categories?post=5396"},{"taxonomy":"post_tag","embeddable":true,"href":"https:\/\/centers.ulbsibiu.ro\/ccsprise\/lact\/wp-json\/wp\/v2\/tags?post=5396"}],"curies":[{"name":"wp","href":"https:\/\/api.w.org\/{rel}","templated":true}]}}