{"id":5394,"date":"2018-09-26T17:34:11","date_gmt":"2018-09-26T15:34:11","guid":{"rendered":"https:\/\/centers.ulbsibiu.ro\/ccsprise\/lact\/?p=5394"},"modified":"2018-09-26T17:34:11","modified_gmt":"2018-09-26T15:34:11","slug":"publika-md-evolutia-privind-retragerea-trupelor-ruse-din-stanga-nistrului-principalul-subiect-din-discursul-premierului-pavel-filip-la-tribuna-onu","status":"publish","type":"post","link":"https:\/\/centers.ulbsibiu.ro\/ccsprise\/lact\/publika-md-evolutia-privind-retragerea-trupelor-ruse-din-stanga-nistrului-principalul-subiect-din-discursul-premierului-pavel-filip-la-tribuna-onu\/","title":{"rendered":"Publika.md &#8211; Evolu\u021bia privind retragerea trupelor ruse din st\u00e2nga Nistrului, principalul subiect din discursul premierului Pavel Filip la tribuna ONU"},"content":{"rendered":"<p><strong>Evolu\u021bia privind retragerea trupelor ruse din st\u00e2nga Nistrului este principalul subiect din discursul pe care premierul Pavel Filip \u00eel va rosti vineri de la tribuna Adun\u0103rii Generale a ONU. Anun\u0163ul a fost f\u0103cut de \u015feful executivului \u00eentr-un interviu oferit agen\u0163iei Moldpres, \u00eenainte de a pleca New York. <\/strong><\/p>\n<p>Oficialul a men\u0163ionat c\u0103 va mul\u0163umi tuturor \u0163\u0103rilor membre ale Na\u0163iunilor Unite care au votat \u00een luna iunie pentru rezolu\u0163ia depus\u0103 de Moldova, prin care i se cere Moscovei s\u0103-\u015fi scoat\u0103 armamentul \u015fi militarii din regiunea transnistrean\u0103.<\/p>\n<p>Filip a mai ad\u0103ugat c\u0103 acest subiect va r\u0103m\u00e2ne \u00een vizorul ONU \u015fi pe viitor, deoarece s\u0103pt\u0103m\u00e2na trecut\u0103, Comitetul General \u0219i Adunarea General\u0103 au adoptat decizii privind \u00eenscrierea \u00een agenda sesiunii a unui punct nou, intitulat &#8220;Retragerea complet\u0103 a for\u0163elor militare str\u0103ine de pe teritoriul Republicii Moldova&#8221;.<\/p>\n<p>Totodat\u0103, premierul a anun\u0163at c\u0103 va asigura comunitatea interna\u0163ional\u0103 c\u0103 Moldova va r\u0103m\u00e2ne implicat\u0103 activ \u00een procesele ONU privind respectarea drepturilor omului, garantarea p\u0103cii \u0219i dezvolt\u0103rii globale.<\/p>\n<p>Filip are programate numeroase \u00eent\u00e2lniri bilaterale cu lideri europeni \u0219i americani.<\/p>\n<p>La cea de-a 73-a sesiune a Adun\u0103rii Generale a ONU particip\u0103 aproximativ 130 de \u015fefi de stat \u015fi de guvern.<\/p>\n<p>Cite\u0219te mai mult: <a href=\"https:\/\/www.publika.md\/evolutia-privind-retragerea-trupelor-ruse-din-stanga-nistrului-principalul-subiect-din-discursul-premierului-pavel-filip-la-tribuna-onu_3019986.html#ixzz5SDr2sXgb\">https:\/\/www.publika.md\/evolutia-privind-retragerea-trupelor-ruse-din-stanga-nistrului-principalul-subiect-din-discursul-premierului-pavel-filip-la-tribuna-onu_3019986.html#ixzz5SDr2sXgb<\/a><br \/>\nFollow us: <a href=\"https:\/\/ec.tynt.com\/b\/rw?id=dWcNF856Wr5OkPrkHcnlKl&amp;u=publikatv\" target=\"_blank\" rel=\"noopener\">@publikatv on Twitter<\/a> | <a href=\"https:\/\/ec.tynt.com\/b\/rf?id=dWcNF856Wr5OkPrkHcnlKl&amp;u=publika.md\" target=\"_blank\" rel=\"noopener\">publika.md on Facebook<\/a><\/p>\n","protected":false},"excerpt":{"rendered":"<p>Evolu\u021bia privind retragerea trupelor ruse din st\u00e2nga Nistrului este principalul subiect din discursul pe care premierul Pavel Filip \u00eel va rosti vineri de la tribuna Adun\u0103rii Generale a ONU. Anun\u0163ul a fost f\u0103cut de \u015feful executivului \u00eentr-un interviu oferit agen\u0163iei Moldpres, \u00eenainte de a pleca New York. Oficialul a men\u0163ionat c\u0103 va mul\u0163umi tuturor \u0163\u0103rilor&#8230;<\/p>\n","protected":false},"author":2,"featured_media":0,"comment_status":"closed","ping_status":"open","sticky":false,"template":"","format":"standard","meta":[],"categories":[1],"tags":[],"_links":{"self":[{"href":"https:\/\/centers.ulbsibiu.ro\/ccsprise\/lact\/wp-json\/wp\/v2\/posts\/5394"}],"collection":[{"href":"https:\/\/centers.ulbsibiu.ro\/ccsprise\/lact\/wp-json\/wp\/v2\/posts"}],"about":[{"href":"https:\/\/centers.ulbsibiu.ro\/ccsprise\/lact\/wp-json\/wp\/v2\/types\/post"}],"author":[{"embeddable":true,"href":"https:\/\/centers.ulbsibiu.ro\/ccsprise\/lact\/wp-json\/wp\/v2\/users\/2"}],"replies":[{"embeddable":true,"href":"https:\/\/centers.ulbsibiu.ro\/ccsprise\/lact\/wp-json\/wp\/v2\/comments?post=5394"}],"version-history":[{"count":1,"href":"https:\/\/centers.ulbsibiu.ro\/ccsprise\/lact\/wp-json\/wp\/v2\/posts\/5394\/revisions"}],"predecessor-version":[{"id":5395,"href":"https:\/\/centers.ulbsibiu.ro\/ccsprise\/lact\/wp-json\/wp\/v2\/posts\/5394\/revisions\/5395"}],"wp:attachment":[{"href":"https:\/\/centers.ulbsibiu.ro\/ccsprise\/lact\/wp-json\/wp\/v2\/media?parent=5394"}],"wp:term":[{"taxonomy":"category","embeddable":true,"href":"https:\/\/centers.ulbsibiu.ro\/ccsprise\/lact\/wp-json\/wp\/v2\/categories?post=5394"},{"taxonomy":"post_tag","embeddable":true,"href":"https:\/\/centers.ulbsibiu.ro\/ccsprise\/lact\/wp-json\/wp\/v2\/tags?post=5394"}],"curies":[{"name":"wp","href":"https:\/\/api.w.org\/{rel}","templated":true}]}}