{"id":5389,"date":"2018-09-24T17:54:06","date_gmt":"2018-09-24T15:54:06","guid":{"rendered":"https:\/\/centers.ulbsibiu.ro\/ccsprise\/lact\/?p=5389"},"modified":"2018-09-24T17:54:06","modified_gmt":"2018-09-24T15:54:06","slug":"infotag-md-pensia-lui-putin-pentru-batranii-din-transnistria-se-retine-pentru-a-treia-luna","status":"publish","type":"post","link":"https:\/\/centers.ulbsibiu.ro\/ccsprise\/lact\/infotag-md-pensia-lui-putin-pentru-batranii-din-transnistria-se-retine-pentru-a-treia-luna\/","title":{"rendered":"Infotag.md &#8211; \u201ePENSIA LUI PUTIN\u201d PENTRU B\u0102TR\u00c2NII DIN TRANSNISTRIA SE RE\u021aINE PENTRU A TREIA LUN\u0102"},"content":{"rendered":"<p>Pensiile pentru persoanele \u00een etate din regiunea transnistrean\u0103 din ajutorul umanitar rus vor fi pl\u0103tite imediat dup\u0103 primirea urm\u0103toarei tran\u0219e. Potrivit agen\u021biei INFOTAG, despre aceasta a comunicat postului TV \u201eTSB\u201d, ministrul protec\u021biei sociale \u0219i muncii, Elena Culicenko.<\/p>\n<p>Ultima dat\u0103 b\u0103tr\u00e2nii au primit \u201epensia lui Putin\u201d (dup\u0103 cum spun pensionarii \u2013 \u201eI.\u201d) \u00een iunie. De atunci, linia telefonic\u0103 a ministerului prime\u0219te zilnic sute de apeluri telefonice cu \u00eentrebarea: \u201eC\u00e2nd va reveni adaosul la pensie?\u201d.<\/p>\n<p>\u201eAm preg\u0103tit deja cererea \u0219i am trimis-o guvernului rus spre examinare. A\u0219tept\u0103m tran\u0219a\u201d, a spus ministra.<\/p>\n<p>Ea a amintit c\u0103 \u00eent\u00e2rzieri au fost \u0219i la \u00eenceputul anului 2018, c\u00e2nd mijloacele ruse\u0219ti au ajuns abia \u00een aprilie, iar pensionarii au primit adaosul de 150 de ruble ($9) pentru patru luni odat\u0103.<\/p>\n<p>INFOTAG precizeaz\u0103: Rusia ofer\u0103 asisten\u021b\u0103 financiar\u0103 pentru plata indemniza\u021biilor pentru pensionari din 2008, c\u00e2nd Vladimir Putin era prim-ministru, de aceea \u00een regiune adaosul este numit \u201epensia lui Putin\u201d. Acesta este achitat lunar c\u0103tre 140 de mii de pensionari transnistreni. Cu 150 ruble \u00een regiune pot fi cump\u0103rate circa 40 de franzele ieftine. Ini\u021bial, ajutor umanitar rus era acordat \u0219i pentru \u00eembun\u0103t\u0103\u021birea hranei \u00een institu\u021biile educa\u021bionale \u0219i medicale din regiune.<\/p>\n<p>Sursa:\u00a0<a href=\"http:\/\/www.infotag.md\/rebelion-ro\/266965\/\">http:\/\/www.infotag.md\/<\/a><\/p>\n","protected":false},"excerpt":{"rendered":"<p>Pensiile pentru persoanele \u00een etate din regiunea transnistrean\u0103 din ajutorul umanitar rus vor fi pl\u0103tite imediat dup\u0103 primirea urm\u0103toarei tran\u0219e. Potrivit agen\u021biei INFOTAG, despre aceasta a comunicat postului TV \u201eTSB\u201d, ministrul protec\u021biei sociale \u0219i muncii, Elena Culicenko. Ultima dat\u0103 b\u0103tr\u00e2nii au primit \u201epensia lui Putin\u201d (dup\u0103 cum spun pensionarii \u2013 \u201eI.\u201d) \u00een iunie. De atunci,&#8230;<\/p>\n","protected":false},"author":2,"featured_media":0,"comment_status":"closed","ping_status":"open","sticky":false,"template":"","format":"standard","meta":[],"categories":[1],"tags":[],"_links":{"self":[{"href":"https:\/\/centers.ulbsibiu.ro\/ccsprise\/lact\/wp-json\/wp\/v2\/posts\/5389"}],"collection":[{"href":"https:\/\/centers.ulbsibiu.ro\/ccsprise\/lact\/wp-json\/wp\/v2\/posts"}],"about":[{"href":"https:\/\/centers.ulbsibiu.ro\/ccsprise\/lact\/wp-json\/wp\/v2\/types\/post"}],"author":[{"embeddable":true,"href":"https:\/\/centers.ulbsibiu.ro\/ccsprise\/lact\/wp-json\/wp\/v2\/users\/2"}],"replies":[{"embeddable":true,"href":"https:\/\/centers.ulbsibiu.ro\/ccsprise\/lact\/wp-json\/wp\/v2\/comments?post=5389"}],"version-history":[{"count":1,"href":"https:\/\/centers.ulbsibiu.ro\/ccsprise\/lact\/wp-json\/wp\/v2\/posts\/5389\/revisions"}],"predecessor-version":[{"id":5390,"href":"https:\/\/centers.ulbsibiu.ro\/ccsprise\/lact\/wp-json\/wp\/v2\/posts\/5389\/revisions\/5390"}],"wp:attachment":[{"href":"https:\/\/centers.ulbsibiu.ro\/ccsprise\/lact\/wp-json\/wp\/v2\/media?parent=5389"}],"wp:term":[{"taxonomy":"category","embeddable":true,"href":"https:\/\/centers.ulbsibiu.ro\/ccsprise\/lact\/wp-json\/wp\/v2\/categories?post=5389"},{"taxonomy":"post_tag","embeddable":true,"href":"https:\/\/centers.ulbsibiu.ro\/ccsprise\/lact\/wp-json\/wp\/v2\/tags?post=5389"}],"curies":[{"name":"wp","href":"https:\/\/api.w.org\/{rel}","templated":true}]}}