{"id":5387,"date":"2018-09-24T17:50:24","date_gmt":"2018-09-24T15:50:24","guid":{"rendered":"https:\/\/centers.ulbsibiu.ro\/ccsprise\/lact\/?p=5387"},"modified":"2018-09-24T17:50:24","modified_gmt":"2018-09-24T15:50:24","slug":"radiochisinau-md-ministrul-apararii-despre-actiuni-provocatoare-ale-rusiei-in-transnistria-cum-poti-sa-ti-ameninti-vecinul-si-sa-spui-ca-ti-l-doresti-prieten","status":"publish","type":"post","link":"https:\/\/centers.ulbsibiu.ro\/ccsprise\/lact\/radiochisinau-md-ministrul-apararii-despre-actiuni-provocatoare-ale-rusiei-in-transnistria-cum-poti-sa-ti-ameninti-vecinul-si-sa-spui-ca-ti-l-doresti-prieten\/","title":{"rendered":"Radiochisinau.md &#8211; Ministrul Ap\u0103r\u0103rii, despre \u201eac\u021biuni provocatoare\u201d ale Rusiei \u00een Transnistria. \u201eCum po\u021bi s\u0103-\u021bi amenin\u021bi vecinul \u0219i s\u0103 spui c\u0103 \u021bi-l dore\u0219ti prieten?\u201d"},"content":{"rendered":"<p class=\"story-body__introduction\">Ministrul Ap\u0103r\u0103rii, Eugen Sturza, a vorbit \u00een cadrul unui interviu acordat Asocia\u021biei pentru Politic\u0103 Extern\u0103, \u0219i despre trupele ruse aflate \u00een st\u00e2nga Nistrului.<\/p>\n<div class=\"articleContent\">\n<p>Astfel, ministrul\u00a0<a href=\"file:\/\/\/C:\/Users\/virginia.nica\/Downloads\/Newsletter%20APE_FES_2018_07_RO.pdf\" target=\"_blank\" rel=\"noopener\">a men\u021bionat<\/a> c\u0103 sper\u0103 \u0219i crede \u00een retragerea trupelor \u0219i chiar a muni\u021biilor ce sunt amplasate \u00een Cobasna sau, cel pu\u021bin, \u00een distrugerea lor. Eugen Struza a ad\u0103ugat c\u0103 este gata s\u0103 caute bani pentru ca s\u0103 fie adus\u0103 o uzin\u0103 de distrugere a acestor muni\u021bii, \u201ec\u0103ci ele sunt un pericol strategic \u0219i un pericol pentru popula\u021bia din raioanele de Est \u0219i din Ucraina\u201d.<\/p>\n<p>\u201eTotodat\u0103, vom continua s\u0103 insist\u0103m pe \u00eenlocuirea a\u0219a-zisei misiuni de pacificatori cu o Misiune ONU. Fiindc\u0103 ast\u0103zi trupele ruse\u0219ti din regiunea transnistrean\u0103 sunt orice vre\u021bi, numai nu for\u021be de pacificare. Cum po\u021bi s\u0103-\u021bi amenin\u021bi vecinul \u0219i s\u0103 spui c\u0103 \u021bi-l dore\u0219ti prieten? C\u0103ci tocmai asta \u00eencearc\u0103 s\u0103 fac\u0103 Rusia, prin tot mai frecventele exerci\u021bii militare cu for\u021barea r\u00e2ului Nistru. Acest tip de exerci\u021bii desf\u0103\u0219urate \u00een zona de securitate, cu blindate \u0219i autocamioane f\u0103r\u0103 numere de \u00eenmatriculare, sunt ac\u021biuni provocatoare care \u00eencalc\u0103 mecanismul de asigurare a regimului \u00een Zona de Securitate, clatin\u0103 fundamentul justific\u0103rii p\u0103r\u021bii ruse drept misiune de pacificare \u0219i este mai mult dec\u00e2t evident c\u0103 nu asigur\u0103 deloc pacea \u00een regiune\u201d, a declarat ministrul Ap\u0103r\u0103rii.<\/p>\n<p>Amintim c\u0103 at\u00e2t ONU c\u00e2t \u0219i NATo au cerut retragerea trupelor ruse \u0219i a muni\u021biilor din st\u00e2nga Nistrului. \u00cen prezent, o rezolu\u021bie care prevede acela\u0219i lucru este \u00eenregistrat\u0103 \u00een Senatul SUA.<\/p>\n<p>Proiectul \u201eDialoguri de politic\u0103 extern\u0103\u201d este realizat de\u00a0<span lang=\"RO\">Asocia\u021bia pentru Politic\u0103 Extern\u0103<\/span><em><span lang=\"RO\">, <\/span><\/em><span lang=\"RO\">\u00eempreun\u0103<\/span><span lang=\"RO\"> cu\u00a0Friedrich-Ebert-Stiftung.\u00a0<\/span><\/p>\n<p>Sursa:\u00a0<a href=\"https:\/\/radiochisinau.md\/ministrul-apararii-despre-actiuni-provocatoare-ale-rusiei-in-transnistria-cum-poti-sati-ameninti-vecinul-si-sa-spui-ca-til-doresti-prieten----75204.html\">https:\/\/radiochisinau.md\/<\/a><\/p>\n<\/div>\n","protected":false},"excerpt":{"rendered":"<p>Ministrul Ap\u0103r\u0103rii, Eugen Sturza, a vorbit \u00een cadrul unui interviu acordat Asocia\u021biei pentru Politic\u0103 Extern\u0103, \u0219i despre trupele ruse aflate \u00een st\u00e2nga Nistrului. Astfel, ministrul\u00a0a men\u021bionat c\u0103 sper\u0103 \u0219i crede \u00een retragerea trupelor \u0219i chiar a muni\u021biilor ce sunt amplasate \u00een Cobasna sau, cel pu\u021bin, \u00een distrugerea lor. Eugen Struza a ad\u0103ugat c\u0103 este gata&#8230;<\/p>\n","protected":false},"author":2,"featured_media":0,"comment_status":"closed","ping_status":"open","sticky":false,"template":"","format":"standard","meta":[],"categories":[1],"tags":[],"_links":{"self":[{"href":"https:\/\/centers.ulbsibiu.ro\/ccsprise\/lact\/wp-json\/wp\/v2\/posts\/5387"}],"collection":[{"href":"https:\/\/centers.ulbsibiu.ro\/ccsprise\/lact\/wp-json\/wp\/v2\/posts"}],"about":[{"href":"https:\/\/centers.ulbsibiu.ro\/ccsprise\/lact\/wp-json\/wp\/v2\/types\/post"}],"author":[{"embeddable":true,"href":"https:\/\/centers.ulbsibiu.ro\/ccsprise\/lact\/wp-json\/wp\/v2\/users\/2"}],"replies":[{"embeddable":true,"href":"https:\/\/centers.ulbsibiu.ro\/ccsprise\/lact\/wp-json\/wp\/v2\/comments?post=5387"}],"version-history":[{"count":1,"href":"https:\/\/centers.ulbsibiu.ro\/ccsprise\/lact\/wp-json\/wp\/v2\/posts\/5387\/revisions"}],"predecessor-version":[{"id":5388,"href":"https:\/\/centers.ulbsibiu.ro\/ccsprise\/lact\/wp-json\/wp\/v2\/posts\/5387\/revisions\/5388"}],"wp:attachment":[{"href":"https:\/\/centers.ulbsibiu.ro\/ccsprise\/lact\/wp-json\/wp\/v2\/media?parent=5387"}],"wp:term":[{"taxonomy":"category","embeddable":true,"href":"https:\/\/centers.ulbsibiu.ro\/ccsprise\/lact\/wp-json\/wp\/v2\/categories?post=5387"},{"taxonomy":"post_tag","embeddable":true,"href":"https:\/\/centers.ulbsibiu.ro\/ccsprise\/lact\/wp-json\/wp\/v2\/tags?post=5387"}],"curies":[{"name":"wp","href":"https:\/\/api.w.org\/{rel}","templated":true}]}}