{"id":5385,"date":"2018-09-23T15:16:30","date_gmt":"2018-09-23T13:16:30","guid":{"rendered":"https:\/\/centers.ulbsibiu.ro\/ccsprise\/lact\/?p=5385"},"modified":"2018-09-23T15:16:30","modified_gmt":"2018-09-23T13:16:30","slug":"tvrmoldova-md-asa-zisul-minister-al-apararii-din-regiunea-transnistreana-neaga-prabusirea-elicopterului-militar-iar-membrii-echipajului-sunt-in-viata","status":"publish","type":"post","link":"https:\/\/centers.ulbsibiu.ro\/ccsprise\/lact\/tvrmoldova-md-asa-zisul-minister-al-apararii-din-regiunea-transnistreana-neaga-prabusirea-elicopterului-militar-iar-membrii-echipajului-sunt-in-viata\/","title":{"rendered":"Tvrmoldova.md &#8211; A\u015fa-zisul minister al Ap\u0103r\u0103rii din regiunea transnistrean\u0103 neag\u0103 pr\u0103bu\u015firea elicopterului militar, iar membrii echipajului sunt \u00een via\u0163\u0103"},"content":{"rendered":"<p class=\"digest\">Un elicopter militar din regiunea transnistrean\u0103 s-ar fi pr\u0103bu\u015fit joi, 20 septembrie, pe teritoriul aerodromului din Triaspol. Potrivit unor surse al Ranway 08, un blog aviatic din Republica Moldova, trei persoane se aflau la bordul elicopterului de tip MI-8, iar despre soarta acestora nu se cuno\u015ftea nimic. \u00cens\u0103 a\u015fa-zisul minister al Ap\u0103r\u0103rii din regiune afirm\u0103 c\u0103 elicopterul, nu s-a pr\u0103bu\u015fit ci a fost un accident \u00een urma c\u0103ruia membrii echipajului au suferit r\u0103ni minore.<\/p>\n<div class=\"content\">\n<p>\u201eLa 20 septembrie 2018, \u00een timpul \u00eencerc\u0103rii motoarelor \u015fi a grupurilor de putere ale elicopterului Mi-8T prin pornirea motoarelor \u015fi a sistemelor de verificare, a avut loc un accident. Corpul elicopterului a fost deteriorat mecanic, iar trei membri ai echipajului au primit leziuni minore. La fa\u0163a locului, au primit \u00eengrijirea medical\u0103 necesar\u0103\u201d, se spune \u00eentr-un<a href=\"https:\/\/mopmr.org\/2018\/09\/22\/6929\/\" target=\"_blank\" rel=\"noopener\">\u00a0comunicat al a\u015fa-zisului minister<\/a>.<\/p>\n<p>Tot acolo se precizeaz\u0103 c\u0103 se efectueaz\u0103 o anchet\u0103 pentru a stabili circumstan\u0163ele producerii accidentului. Iar, printre cauzele posibile se num\u0103r\u0103 \u201edefec\u0163iunea la transmisia \u015furubului de direc\u0163ie, care duce la pierderea stabilit\u0103\u0163ii \u015fi manipularea elicopterului\u201d.<\/p>\n<p>Sursa:\u00a0<a href=\"http:\/\/tvrmoldova.md\/actualitate\/asa-zisul-minister-al-apararii-din-regiunea-transnistreana-neaga-prabusirea-elicopterului-militar-iar-membrii-echipajului-sunt-in-viata\/\">http:\/\/tvrmoldova.md\/<\/a><\/p>\n<\/div>\n","protected":false},"excerpt":{"rendered":"<p>Un elicopter militar din regiunea transnistrean\u0103 s-ar fi pr\u0103bu\u015fit joi, 20 septembrie, pe teritoriul aerodromului din Triaspol. Potrivit unor surse al Ranway 08, un blog aviatic din Republica Moldova, trei persoane se aflau la bordul elicopterului de tip MI-8, iar despre soarta acestora nu se cuno\u015ftea nimic. \u00cens\u0103 a\u015fa-zisul minister al Ap\u0103r\u0103rii din regiune afirm\u0103&#8230;<\/p>\n","protected":false},"author":2,"featured_media":0,"comment_status":"closed","ping_status":"open","sticky":false,"template":"","format":"standard","meta":[],"categories":[1],"tags":[],"_links":{"self":[{"href":"https:\/\/centers.ulbsibiu.ro\/ccsprise\/lact\/wp-json\/wp\/v2\/posts\/5385"}],"collection":[{"href":"https:\/\/centers.ulbsibiu.ro\/ccsprise\/lact\/wp-json\/wp\/v2\/posts"}],"about":[{"href":"https:\/\/centers.ulbsibiu.ro\/ccsprise\/lact\/wp-json\/wp\/v2\/types\/post"}],"author":[{"embeddable":true,"href":"https:\/\/centers.ulbsibiu.ro\/ccsprise\/lact\/wp-json\/wp\/v2\/users\/2"}],"replies":[{"embeddable":true,"href":"https:\/\/centers.ulbsibiu.ro\/ccsprise\/lact\/wp-json\/wp\/v2\/comments?post=5385"}],"version-history":[{"count":1,"href":"https:\/\/centers.ulbsibiu.ro\/ccsprise\/lact\/wp-json\/wp\/v2\/posts\/5385\/revisions"}],"predecessor-version":[{"id":5386,"href":"https:\/\/centers.ulbsibiu.ro\/ccsprise\/lact\/wp-json\/wp\/v2\/posts\/5385\/revisions\/5386"}],"wp:attachment":[{"href":"https:\/\/centers.ulbsibiu.ro\/ccsprise\/lact\/wp-json\/wp\/v2\/media?parent=5385"}],"wp:term":[{"taxonomy":"category","embeddable":true,"href":"https:\/\/centers.ulbsibiu.ro\/ccsprise\/lact\/wp-json\/wp\/v2\/categories?post=5385"},{"taxonomy":"post_tag","embeddable":true,"href":"https:\/\/centers.ulbsibiu.ro\/ccsprise\/lact\/wp-json\/wp\/v2\/tags?post=5385"}],"curies":[{"name":"wp","href":"https:\/\/api.w.org\/{rel}","templated":true}]}}