{"id":5383,"date":"2018-09-20T17:38:20","date_gmt":"2018-09-20T15:38:20","guid":{"rendered":"https:\/\/centers.ulbsibiu.ro\/ccsprise\/lact\/?p=5383"},"modified":"2018-09-20T17:38:20","modified_gmt":"2018-09-20T15:38:20","slug":"infotag-md-vicepremierul-moldovei-si-secretarul-consiliului-de-securitate-al-ucrainei-au-discutat-despre-reglementarea-transnistreana","status":"publish","type":"post","link":"https:\/\/centers.ulbsibiu.ro\/ccsprise\/lact\/infotag-md-vicepremierul-moldovei-si-secretarul-consiliului-de-securitate-al-ucrainei-au-discutat-despre-reglementarea-transnistreana\/","title":{"rendered":"Infotag.md &#8211; VICEPREMIERUL MOLDOVEI \u015eI SECRETARUL CONSILIULUI DE SECURITATE AL UCRAINEI AU DISCUTAT DESPRE REGLEMENTAREA TRANSNISTREAN\u0102"},"content":{"rendered":"<p>Vicepremierul Moldovei pentru Reintegrare, Cristina Lesnic, \u0219i secretarul Consiliului Na\u021bional de Securitate \u0219i Ap\u0103rare al Ucrainei, Alexandr Turcinov, au discutat problemele reglement\u0103rii transnistrene. Potrivit agen\u0163iei INFOTAG cu referire la presa ucrainean\u0103, \u00een cadrul \u00eentrevederii de la Kiev au fost discutate \u0219i alte aspecte ale cooper\u0103rii bilaterale.<\/p>\n<p>Potrivit informa\u0163iilor, \u00een cadrul \u00eentrevederii, o aten\u021bie deosebit\u0103 a fost acordat\u0103 problemei organiz\u0103rii controlului desf\u0103\u015furat de observatorii interna\u021bionali la depozitele de muni\u021bii din satul Colbasna din Transnistria. Depozitele se afl\u0103 la o distan\u0163\u0103 de 1,5 km de frontiera ucrainean\u0103, fiind o amenin\u021bare la adresa securit\u0103\u021bii pentru \u00eentreaga regiune.<\/p>\n<p>\u201eFedera\u021bia Rus\u0103 a \u00eenc\u0103lcat grav angajamentele asumate privind retragerea muni\u021biilor \u015fi armamentului de la bazele militare ruse\u0219ti, precum \u0219i a contingentul s\u0103u militar dislocat ilegal acolo, care este centrul de destabilizare \u00een regiune. Am sprijinit \u0219i vom sprijini Moldova, cu care urm\u0103m aceea\u015fi cale de integrare european\u0103\u201d, a subliniat Turcinov.<\/p>\n<p>Cristina Lesnic a men\u021bionat c\u0103 \u201eMoldova este ata\u015fat\u0103 valorilor europene\u201d \u0219i consider\u0103 Ucraina \u201eun partener de \u00eencredere pe acest drum\u201d.<\/p>\n<p>\u201eAcesta este motivul pentru care suntem interesa\u021bi de intensificarea \u00een continuare a cooper\u0103rii cu Ucraina, inclusiv \u00een materie de demilitarizare a Transnistriei \u0219i reintegrarea ulterioar\u0103 cu Moldova\u201d, a spus Lesnic.<\/p>\n<p>Sursa:\u00a0<a href=\"http:\/\/www.infotag.md\/rebelion-ro\/266844\/\">http:\/\/www.infotag.md\/<\/a><\/p>\n","protected":false},"excerpt":{"rendered":"<p>Vicepremierul Moldovei pentru Reintegrare, Cristina Lesnic, \u0219i secretarul Consiliului Na\u021bional de Securitate \u0219i Ap\u0103rare al Ucrainei, Alexandr Turcinov, au discutat problemele reglement\u0103rii transnistrene. Potrivit agen\u0163iei INFOTAG cu referire la presa ucrainean\u0103, \u00een cadrul \u00eentrevederii de la Kiev au fost discutate \u0219i alte aspecte ale cooper\u0103rii bilaterale. Potrivit informa\u0163iilor, \u00een cadrul \u00eentrevederii, o aten\u021bie deosebit\u0103 a&#8230;<\/p>\n","protected":false},"author":2,"featured_media":0,"comment_status":"closed","ping_status":"open","sticky":false,"template":"","format":"standard","meta":[],"categories":[1],"tags":[],"_links":{"self":[{"href":"https:\/\/centers.ulbsibiu.ro\/ccsprise\/lact\/wp-json\/wp\/v2\/posts\/5383"}],"collection":[{"href":"https:\/\/centers.ulbsibiu.ro\/ccsprise\/lact\/wp-json\/wp\/v2\/posts"}],"about":[{"href":"https:\/\/centers.ulbsibiu.ro\/ccsprise\/lact\/wp-json\/wp\/v2\/types\/post"}],"author":[{"embeddable":true,"href":"https:\/\/centers.ulbsibiu.ro\/ccsprise\/lact\/wp-json\/wp\/v2\/users\/2"}],"replies":[{"embeddable":true,"href":"https:\/\/centers.ulbsibiu.ro\/ccsprise\/lact\/wp-json\/wp\/v2\/comments?post=5383"}],"version-history":[{"count":1,"href":"https:\/\/centers.ulbsibiu.ro\/ccsprise\/lact\/wp-json\/wp\/v2\/posts\/5383\/revisions"}],"predecessor-version":[{"id":5384,"href":"https:\/\/centers.ulbsibiu.ro\/ccsprise\/lact\/wp-json\/wp\/v2\/posts\/5383\/revisions\/5384"}],"wp:attachment":[{"href":"https:\/\/centers.ulbsibiu.ro\/ccsprise\/lact\/wp-json\/wp\/v2\/media?parent=5383"}],"wp:term":[{"taxonomy":"category","embeddable":true,"href":"https:\/\/centers.ulbsibiu.ro\/ccsprise\/lact\/wp-json\/wp\/v2\/categories?post=5383"},{"taxonomy":"post_tag","embeddable":true,"href":"https:\/\/centers.ulbsibiu.ro\/ccsprise\/lact\/wp-json\/wp\/v2\/tags?post=5383"}],"curies":[{"name":"wp","href":"https:\/\/api.w.org\/{rel}","templated":true}]}}