{"id":5381,"date":"2018-09-20T17:33:33","date_gmt":"2018-09-20T15:33:33","guid":{"rendered":"https:\/\/centers.ulbsibiu.ro\/ccsprise\/lact\/?p=5381"},"modified":"2018-09-20T17:33:33","modified_gmt":"2018-09-20T15:33:33","slug":"gov-md-comisia-unificata-de-control-a-comemorat-ziua-internationala-a-pacii","status":"publish","type":"post","link":"https:\/\/centers.ulbsibiu.ro\/ccsprise\/lact\/gov-md-comisia-unificata-de-control-a-comemorat-ziua-internationala-a-pacii\/","title":{"rendered":"Gov.md &#8211; Comisia Unificat\u0103 de Control a comemorat Ziua Interna\u021bional\u0103 a P\u0103cii"},"content":{"rendered":"<p>Comisia Unificat\u0103 de Control (CUC) s-a \u00eentrunit la 20 septembrie curent \u00een ora\u0219ul Bender.<\/p>\n<p>Cu prilejul Zilei Interna\u021bionale a P\u0103cii, care se celebreaz\u0103 anual la 21 septembrie, Delega\u021bia Republicii Moldova a propus p\u0103strarea unui moment de reculegere \u00een memoria victimelor conflictelor militare \u0219i a pacificatorilor c\u0103zu\u021bi \u00een misiunile pentru pace \u0219i securitate din \u00eentreaga lume.<\/p>\n<p>\u00cen continuare s-a stabilit c\u0103 raportul s\u0103pt\u0103m\u00e2nal al Comandamentului Militar \u00centrunit privind situa\u021bia din Zona de Securitate nu a fost definitivat, din motivul c\u0103 observatorii militari din partea regiunii transnistrene \u0219i Federa\u021biei Ruse au refuzat includerea informa\u021biilor obiective privind aplica\u021biile militare efectuate de structurile transnistrene \u00een Zona de Securitate \u00een perioada 14-15 septembrie 2018.<\/p>\n<p>Subiectul a fost reflectat \u00een declara\u021bia difuzat\u0103\u00a0 de membrii delega\u021biei moldovene\u0219ti\u00a0 <strong><em>(poate fi citit\u0103 mai jos<\/em><\/strong><strong><em>)<\/em><\/strong>, care \u0219i-au expus \u00eengrijorarea \u00een leg\u0103tur\u0103 cu o nou\u0103 \u00eenc\u0103lcare a regimului Zonei de Securitate admis\u0103 de structurile militare ale Tiraspolului l\u00e2ng\u0103 localitatea T\u00e2rnauca.<\/p>\n<p>\u00cen cadrul discu\u021biilor Delega\u021bia Republicii Moldova a solicitat explica\u021bii cu privire la lucr\u0103rile de schimbare a infrastructurii la a\u0219a-numitul \u201epost de control\u201d al structurilor\u00a0 transnistrene amplasat pe traseul Tiraspol \u2013 R\u00e2bni\u021ba \u00een preajma satului Doro\u021bcaia, raionul Dub\u0103sari \u0219i a aten\u021bionat despre neadmiterea major\u0103rii efectivelor \u0219i echipamentelor implicate. CUC a decis c\u0103 un grup de observatori militari se va deplasa la fa\u021ba locului, pentru a se documenta \u0219i a informa Comisia asupra situa\u021biei.<\/p>\n<p>\u00cen alt\u0103 ordine de idei, componenta Chi\u0219in\u0103ului a informat CUC despre necesitatea unor lucr\u0103ri tehnice de expertiz\u0103 la podurile de peste r\u00e2ul Nistru, \u00a0care vor fi efectuate \u00een perioada 8-12 octombrie 2018 de c\u0103tre speciali\u0219tii de profil din Republica Moldova.<\/p>\n<p>Comisia Unificat\u0103 de Control se va reuni 27 septembrie 2018.<\/p>\n<p>&nbsp;<\/p>\n<p><strong>Delega\u021bia Republicii Moldova \u00een Comisia Unificat\u0103 de Control<\/strong><\/p>\n","protected":false},"excerpt":{"rendered":"<p>Comisia Unificat\u0103 de Control (CUC) s-a \u00eentrunit la 20 septembrie curent \u00een ora\u0219ul Bender. Cu prilejul Zilei Interna\u021bionale a P\u0103cii, care se celebreaz\u0103 anual la 21 septembrie, Delega\u021bia Republicii Moldova a propus p\u0103strarea unui moment de reculegere \u00een memoria victimelor conflictelor militare \u0219i a pacificatorilor c\u0103zu\u021bi \u00een misiunile pentru pace \u0219i securitate din \u00eentreaga lume&#8230;.<\/p>\n","protected":false},"author":2,"featured_media":0,"comment_status":"closed","ping_status":"open","sticky":false,"template":"","format":"standard","meta":[],"categories":[1],"tags":[],"_links":{"self":[{"href":"https:\/\/centers.ulbsibiu.ro\/ccsprise\/lact\/wp-json\/wp\/v2\/posts\/5381"}],"collection":[{"href":"https:\/\/centers.ulbsibiu.ro\/ccsprise\/lact\/wp-json\/wp\/v2\/posts"}],"about":[{"href":"https:\/\/centers.ulbsibiu.ro\/ccsprise\/lact\/wp-json\/wp\/v2\/types\/post"}],"author":[{"embeddable":true,"href":"https:\/\/centers.ulbsibiu.ro\/ccsprise\/lact\/wp-json\/wp\/v2\/users\/2"}],"replies":[{"embeddable":true,"href":"https:\/\/centers.ulbsibiu.ro\/ccsprise\/lact\/wp-json\/wp\/v2\/comments?post=5381"}],"version-history":[{"count":1,"href":"https:\/\/centers.ulbsibiu.ro\/ccsprise\/lact\/wp-json\/wp\/v2\/posts\/5381\/revisions"}],"predecessor-version":[{"id":5382,"href":"https:\/\/centers.ulbsibiu.ro\/ccsprise\/lact\/wp-json\/wp\/v2\/posts\/5381\/revisions\/5382"}],"wp:attachment":[{"href":"https:\/\/centers.ulbsibiu.ro\/ccsprise\/lact\/wp-json\/wp\/v2\/media?parent=5381"}],"wp:term":[{"taxonomy":"category","embeddable":true,"href":"https:\/\/centers.ulbsibiu.ro\/ccsprise\/lact\/wp-json\/wp\/v2\/categories?post=5381"},{"taxonomy":"post_tag","embeddable":true,"href":"https:\/\/centers.ulbsibiu.ro\/ccsprise\/lact\/wp-json\/wp\/v2\/tags?post=5381"}],"curies":[{"name":"wp","href":"https:\/\/api.w.org\/{rel}","templated":true}]}}