{"id":5379,"date":"2018-09-19T19:50:49","date_gmt":"2018-09-19T17:50:49","guid":{"rendered":"https:\/\/centers.ulbsibiu.ro\/ccsprise\/lact\/?p=5379"},"modified":"2018-09-19T19:50:49","modified_gmt":"2018-09-19T17:50:49","slug":"deschide-md-prietenii-separatisti-de-la-tiraspol-ii-dau-peste-nas-lui-dodon-resping-ideea-unui-referendum","status":"publish","type":"post","link":"https:\/\/centers.ulbsibiu.ro\/ccsprise\/lact\/deschide-md-prietenii-separatisti-de-la-tiraspol-ii-dau-peste-nas-lui-dodon-resping-ideea-unui-referendum\/","title":{"rendered":"Deschide.md &#8211; Prietenii separati\u0219ti de la Tiraspol \u00eei dau peste nas lui Dodon. Resping ideea unui referendum"},"content":{"rendered":"<p>Autorit\u0103\u021bile separatiste de la Tiraspol \u00eei r\u0103spund pre\u0219edintelui Igor Dodon c\u0103 nu sunt de acord cu un referendum \u00een care s\u0103 fie decis\u0103 soarta regiunii transnistrene.<\/p>\n<p>\u00centr-un limbaj diplomatic destul de dur, a\u0219a numitul minister de externe condus de liderii separati\u0219ti scrie \u00eentr-un comunicat de pres\u0103 c\u0103 au luat act de declara\u021bia pre\u0219edintelui Dodon care se refer\u0103 la organizarea unui referendum \u00een care se va decide forma de reintegrare a regiunii transnistrene \u00een cadrul Republicii Moldova.\u00a0 Potrivit lui Dodon, scenarii concrete de reintegrare vor fi discutate dup\u0103 urm\u0103toarele alegeri parlamentare.<\/p>\n<p>Astfel, separati\u0219tii spun c\u0103 de la destr\u0103marea URSS-ului, \u00een R. Moldova toate deciziile politice au fost luate de Parlament \u0219i c\u0103 anume Sovietul Suprem al Moldovei a abandonat juridic teritoriul Transnistriei, adopt\u00e2nd pe 23 iunie 1990 Declara\u021bia de Suveranitate, care a afirmat suprema\u021bia legilor moldovene\u0219ti asupra Uniunii, precum \u0219i decizia de a recunoa\u0219te crearea ilegal\u0103 a RSSM. \u00cen acest sens, a\u0219a-numitul Minister de Externe al regiunii transnistrene aminte\u0219te c\u0103 acum 28 de ani, Moldova la nivel oficial a luat deja o decizii clare de reglementare \u00een ceea ce prive\u0219te Transnistria.<\/p>\n<p>\u201eO \u00eencercare de a rezolva diferite probleme prin referendum na\u021bional este un cuv\u00e2nt nou \u00een politica Moldovei\u201d, se mai spune \u00een comunicat.<\/p>\n<p>Autorit\u0103\u021bile separatiste mai spun c\u0103 \u00een acest context, Pre\u0219edintele Moldovei a venit cu o propunere prin care se dore\u0219te de a defini calea unui \u201estat vecin\u201d cu majoritatea votului cet\u0103\u021benilor R. Moldova pare s\u0103 contrazic\u0103 principiile de baz\u0103 ale democra\u021biei \u0219i nu are nimic de a face cu un mecanism realist pentru a g\u0103si o formul\u0103 final\u0103 pentru solu\u021bionarea politic\u0103 a conflictului.<\/p>\n<p>A\u0219a numitul minister de externe mai spune c\u0103 a subliniat c\u0103 poporul din regiunea transnistrean\u0103, ca purt\u0103tor al suveranit\u0103\u021bii \u0219i singura surs\u0103 de putere, \u0219i-a f\u0103cut deja alegerea.<\/p>\n<p>Ace\u0219tia mai spun c\u0103 prezen\u021ba militar\u0103 rus\u0103, amintit\u0103 de Dodon se afl\u0103 pe teritoriul regiunii transnistrean\u0103 tot \u00een urma unui referendum care a avut loc \u00een 1995, de aceea partea transnistrean\u0103 se opune retragerii de pe teritoriul Transnistriei a for\u021belor de men\u021binere a p\u0103cii ale Federa\u021biei Ruse.<\/p>\n<p>Textul complet:\u00a0<a href=\"https:\/\/deschide.md\/ro\/stiri\/social\/36892\/Prietenii-separati\u0219ti-de-la-Tiraspol-\u00eei-dau-peste-nas-lui-Dodon-Resping-ideea-unui-referendum.htm\">https:\/\/deschide.md\/<\/a><\/p>\n","protected":false},"excerpt":{"rendered":"<p>Autorit\u0103\u021bile separatiste de la Tiraspol \u00eei r\u0103spund pre\u0219edintelui Igor Dodon c\u0103 nu sunt de acord cu un referendum \u00een care s\u0103 fie decis\u0103 soarta regiunii transnistrene. \u00centr-un limbaj diplomatic destul de dur, a\u0219a numitul minister de externe condus de liderii separati\u0219ti scrie \u00eentr-un comunicat de pres\u0103 c\u0103 au luat act de declara\u021bia pre\u0219edintelui Dodon care&#8230;<\/p>\n","protected":false},"author":2,"featured_media":0,"comment_status":"closed","ping_status":"open","sticky":false,"template":"","format":"standard","meta":[],"categories":[1],"tags":[],"_links":{"self":[{"href":"https:\/\/centers.ulbsibiu.ro\/ccsprise\/lact\/wp-json\/wp\/v2\/posts\/5379"}],"collection":[{"href":"https:\/\/centers.ulbsibiu.ro\/ccsprise\/lact\/wp-json\/wp\/v2\/posts"}],"about":[{"href":"https:\/\/centers.ulbsibiu.ro\/ccsprise\/lact\/wp-json\/wp\/v2\/types\/post"}],"author":[{"embeddable":true,"href":"https:\/\/centers.ulbsibiu.ro\/ccsprise\/lact\/wp-json\/wp\/v2\/users\/2"}],"replies":[{"embeddable":true,"href":"https:\/\/centers.ulbsibiu.ro\/ccsprise\/lact\/wp-json\/wp\/v2\/comments?post=5379"}],"version-history":[{"count":1,"href":"https:\/\/centers.ulbsibiu.ro\/ccsprise\/lact\/wp-json\/wp\/v2\/posts\/5379\/revisions"}],"predecessor-version":[{"id":5380,"href":"https:\/\/centers.ulbsibiu.ro\/ccsprise\/lact\/wp-json\/wp\/v2\/posts\/5379\/revisions\/5380"}],"wp:attachment":[{"href":"https:\/\/centers.ulbsibiu.ro\/ccsprise\/lact\/wp-json\/wp\/v2\/media?parent=5379"}],"wp:term":[{"taxonomy":"category","embeddable":true,"href":"https:\/\/centers.ulbsibiu.ro\/ccsprise\/lact\/wp-json\/wp\/v2\/categories?post=5379"},{"taxonomy":"post_tag","embeddable":true,"href":"https:\/\/centers.ulbsibiu.ro\/ccsprise\/lact\/wp-json\/wp\/v2\/tags?post=5379"}],"curies":[{"name":"wp","href":"https:\/\/api.w.org\/{rel}","templated":true}]}}