{"id":5377,"date":"2018-09-19T19:48:23","date_gmt":"2018-09-19T17:48:23","guid":{"rendered":"https:\/\/centers.ulbsibiu.ro\/ccsprise\/lact\/?p=5377"},"modified":"2018-09-19T19:48:23","modified_gmt":"2018-09-19T17:48:23","slug":"europalibera-org-dodon-forma-de-reintegrare-a-regiunii-transnistrene-in-cadrul-republicii-moldova-va-fi-decisa-la-un-referendum","status":"publish","type":"post","link":"https:\/\/centers.ulbsibiu.ro\/ccsprise\/lact\/europalibera-org-dodon-forma-de-reintegrare-a-regiunii-transnistrene-in-cadrul-republicii-moldova-va-fi-decisa-la-un-referendum\/","title":{"rendered":"Europalibera.org &#8211; Dodon: forma de reintegrare a regiunii transnistrene \u00een cadrul Republicii Moldova va fi decis\u0103 la un referendum"},"content":{"rendered":"<p><span style=\"display: inline !important; float: none; background-color: transparent; color: #1f2124; font-family: 'Skolar-Light_Cyr-Ltn',Georgia,Times,'Times New Roman',serif; font-size: 18px; font-style: normal; font-variant: normal; font-weight: 400; letter-spacing: normal; orphans: 2; text-align: left; text-decoration: none; text-indent: 0px; text-transform: none; -webkit-text-stroke-width: 0px; white-space: normal; word-spacing: 0px;\">Forma de reintegrare a regiunii transnistrene \u00een cadrul Republicii Moldova va fi decis\u0103 la un referendum, iar scenariile concrete de reintegrare vor fi discutate dup\u0103 urm\u0103toarele alegeri parlamentare, a declarat pre\u0219edintele Igor Dodon, mar\u021bi seara, \u00eentr-o emisiune la postul public de televiziune Moldova 1. Potrivit agen\u021biei <\/span><em>IPN<\/em><span style=\"display: inline !important; float: none; background-color: transparent; color: #1f2124; font-family: 'Skolar-Light_Cyr-Ltn',Georgia,Times,'Times New Roman',serif; font-size: 18px; font-style: normal; font-variant: normal; font-weight: 400; letter-spacing: normal; orphans: 2; text-align: left; text-decoration: none; text-indent: 0px; text-transform: none; -webkit-text-stroke-width: 0px; white-space: normal; word-spacing: 0px;\">, pre\u0219edintele Dodon a spus c\u0103 dup\u0103 alegerile parlamentare din februarie anul viitor va trebui s\u0103 se fac\u0103 urm\u0103torii pa\u0219i pentru asigurarea liberei circula\u021bii pe ambele maluri ale Nistrului \u0219i s\u0103 avanseze dialogul politic. Transnistria nu poate fi dec\u00e2t parte integr\u0103 a Republicii Moldova, a spus Dodon, \u00cen opinia sa, dup\u0103 ce se va ajunge la un numitor comun pe plan intern, varianta de reintegrare a celor dou\u0103 maluri ale Nistrului va trebui propus\u0103 comunit\u0103\u021bii interna\u021bionale. Odat\u0103 cu solu\u021bionarea politic\u0103 a conflictului transnistrean, trupele militare din st\u00e2nga Nistrului vor trebui s\u0103 p\u0103r\u0103seasc\u0103 zona, \u00eempreun\u0103 cu armamentul care se afl\u0103 acolo, a mai spus Igor Dodon, citat de agen\u021bia <\/span><em>IPN<\/em><span style=\"display: inline !important; float: none; background-color: transparent; color: #1f2124; font-family: 'Skolar-Light_Cyr-Ltn',Georgia,Times,'Times New Roman',serif; font-size: 18px; font-style: normal; font-variant: normal; font-weight: 400; letter-spacing: normal; orphans: 2; text-align: left; text-decoration: none; text-indent: 0px; text-transform: none; -webkit-text-stroke-width: 0px; white-space: normal; word-spacing: 0px;\">.<\/span><\/p>\n<p>Sursa:\u00a0<a href=\"https:\/\/www.europalibera.org\/a\/29497617.html\">https:\/\/www.europalibera.org\/<\/a><\/p>\n","protected":false},"excerpt":{"rendered":"<p>Forma de reintegrare a regiunii transnistrene \u00een cadrul Republicii Moldova va fi decis\u0103 la un referendum, iar scenariile concrete de reintegrare vor fi discutate dup\u0103 urm\u0103toarele alegeri parlamentare, a declarat pre\u0219edintele Igor Dodon, mar\u021bi seara, \u00eentr-o emisiune la postul public de televiziune Moldova 1. Potrivit agen\u021biei IPN, pre\u0219edintele Dodon a spus c\u0103 dup\u0103 alegerile parlamentare&#8230;<\/p>\n","protected":false},"author":2,"featured_media":0,"comment_status":"closed","ping_status":"open","sticky":false,"template":"","format":"standard","meta":[],"categories":[1],"tags":[],"_links":{"self":[{"href":"https:\/\/centers.ulbsibiu.ro\/ccsprise\/lact\/wp-json\/wp\/v2\/posts\/5377"}],"collection":[{"href":"https:\/\/centers.ulbsibiu.ro\/ccsprise\/lact\/wp-json\/wp\/v2\/posts"}],"about":[{"href":"https:\/\/centers.ulbsibiu.ro\/ccsprise\/lact\/wp-json\/wp\/v2\/types\/post"}],"author":[{"embeddable":true,"href":"https:\/\/centers.ulbsibiu.ro\/ccsprise\/lact\/wp-json\/wp\/v2\/users\/2"}],"replies":[{"embeddable":true,"href":"https:\/\/centers.ulbsibiu.ro\/ccsprise\/lact\/wp-json\/wp\/v2\/comments?post=5377"}],"version-history":[{"count":1,"href":"https:\/\/centers.ulbsibiu.ro\/ccsprise\/lact\/wp-json\/wp\/v2\/posts\/5377\/revisions"}],"predecessor-version":[{"id":5378,"href":"https:\/\/centers.ulbsibiu.ro\/ccsprise\/lact\/wp-json\/wp\/v2\/posts\/5377\/revisions\/5378"}],"wp:attachment":[{"href":"https:\/\/centers.ulbsibiu.ro\/ccsprise\/lact\/wp-json\/wp\/v2\/media?parent=5377"}],"wp:term":[{"taxonomy":"category","embeddable":true,"href":"https:\/\/centers.ulbsibiu.ro\/ccsprise\/lact\/wp-json\/wp\/v2\/categories?post=5377"},{"taxonomy":"post_tag","embeddable":true,"href":"https:\/\/centers.ulbsibiu.ro\/ccsprise\/lact\/wp-json\/wp\/v2\/tags?post=5377"}],"curies":[{"name":"wp","href":"https:\/\/api.w.org\/{rel}","templated":true}]}}