{"id":5372,"date":"2018-09-19T19:43:36","date_gmt":"2018-09-19T17:43:36","guid":{"rendered":"https:\/\/centers.ulbsibiu.ro\/ccsprise\/lact\/?p=5372"},"modified":"2018-09-19T19:43:36","modified_gmt":"2018-09-19T17:43:36","slug":"ziarulnational-md-doc-rezolutie-in-sprijinul-r-moldova-inregistrata-in-senatul-sua-federatia-rusa-este-indemnata-sa-si-retraga-trupele-si-munitiile-din-transnistria","status":"publish","type":"post","link":"https:\/\/centers.ulbsibiu.ro\/ccsprise\/lact\/ziarulnational-md-doc-rezolutie-in-sprijinul-r-moldova-inregistrata-in-senatul-sua-federatia-rusa-este-indemnata-sa-si-retraga-trupele-si-munitiile-din-transnistria\/","title":{"rendered":"Ziarulnational.md &#8211; DOC \/\/ Rezolu\u021bie \u00een sprijinul R. Moldova, \u00eenregistrat\u0103 \u00een Senatul SUA: Federa\u021bia Rus\u0103 este \u00eendemnat\u0103 s\u0103-\u0219i retrag\u0103 trupele \u0219i muni\u021biile din Transnistria"},"content":{"rendered":"<p><a href=\"https:\/\/www.congress.gov\/bill\/115th-congress\/senate-resolution\/629\/text?q=%7B%22search%22%3A[%22s.res.629%22]%7D&amp;r=1\" target=\"_blank\" rel=\"noopener\">O rezolu\u021bie \u00een sus\u021binerea Republicii Moldova<\/a> a fost \u00eenregistrat\u0103 \u00een Senatul Statelor Unite, iar documentul ar urma s\u0103 confirme pozi\u021bia Senatului de \u00eent\u0103rire a rela\u021biilor SUA \u2013 Republica Moldova \u0219i s\u0103 reafirme suportul pentru integritatea teritorial\u0103 a republicii noastre.<\/p>\n<p>Rezolu\u021bia reafirm\u0103 pozi\u021bia Statelor Unite \u00een sus\u021binerea suveranit\u0103\u021bii, independen\u021bei \u0219i integrit\u0103\u021bii teritoriale a R. Moldova, precum \u0219i dreptul suveran al republicii s\u0103 fac\u0103 parteneriate f\u0103r\u0103 presiune extern\u0103, inclusiv dreptul de asociere cu UE sau organiza\u021bii regionale.<\/p>\n<p>Documentul cere, totodat\u0103, Federa\u021biei Ruse s\u0103-\u0219i \u00eendeplineasc\u0103 obliga\u021biile interna\u021bionale de retragere a trupelor \u0219i muni\u021biilor de pe teritoriul Republicii Moldova. De asemenea, Moscovei i se cere s\u0103 se ab\u021bin\u0103 de la amenin\u021b\u0103ri economice \u0219i presiuni asupra Moldovei. Federa\u021bia Rus\u0103 este chemat\u0103 s\u0103 \u00eenceteze orice ac\u021biune care sprijin\u0103 mi\u0219c\u0103rile separatiste pe teritoriul Republicii Moldova.<\/p>\n<p>Totodat\u0103, proiectul rezolu\u021biei Senatului \u00eencurajeaz\u0103 Secretarul de Stat \u0219i USAID s\u0103 focuseze asisten\u021ba pentru sus\u021binerea reformelor \u00een justi\u021bie, promovarea unei guvern\u0103ri deschise, transparente \u0219i democratice, suportul pentru mass-media \u0219i cre\u0219terea economic\u0103, precum \u0219i \u00een domeniul securit\u0103\u021bii energetice. Senatul \u00eencurajeaz\u0103 Guvernul Moldovei s\u0103 continue implementarea reformelor cruciale pentru sporirea capacit\u0103\u021bii \u0219i \u00eencrederii \u00een institu\u021biile democratice, justi\u021bie, lupta cu corup\u021bia \u0219i activitatea societ\u0103\u021bii civile. De asemenea, Guvernul este chemat s\u0103 \u00eencurajeze implicarea societ\u0103\u021bii civile \u00een lupta cu corup\u021bia.<\/p>\n<p>Rezolu\u021bia Senatului reafirm\u0103 importan\u021ba alegerilor libere, corecte \u0219i transparente \u0219i sus\u021bine eforturile de combatere a campaniilor de dezinformare din Estul Europei.<\/p>\n<p>Un comunicat de pres\u0103 al Parlamentului arat\u0103 c\u0103 spicherul Andrian Candu, care se afl\u0103 la Washington, a solicitat, \u00een cadrul \u00eentrevederii de ieri cu Senatorul Ron Johnson, pre\u0219edinte al subcomitetului pentru Europa \u0219i cooperarea regional\u0103 de securitate, membru al comisiei Senatului pentru rela\u021bii externe, suport pentru promovarea acestui document.<\/p>\n<p>Men\u021bion\u0103m c\u0103, \u00een februarie curent, \u00een Congresul Statelor Unite a mai fost \u00eenregistrat\u0103 o rezolu\u021bie \u00een sus\u021binerea Republicii Moldova.<\/p>\n<p>Sursa:\u00a0<a href=\"https:\/\/www.ziarulnational.md\/rezolutie-in-sprijinul-r-moldova-inregistrata-in-senatul-sua-federatia-rusa-este-indemnata-sa-si-retraga-trupele-si-munitiile-din-transnistria\/\">https:\/\/www.ziarulnational.md\/<\/a><\/p>\n","protected":false},"excerpt":{"rendered":"<p>O rezolu\u021bie \u00een sus\u021binerea Republicii Moldova a fost \u00eenregistrat\u0103 \u00een Senatul Statelor Unite, iar documentul ar urma s\u0103 confirme pozi\u021bia Senatului de \u00eent\u0103rire a rela\u021biilor SUA \u2013 Republica Moldova \u0219i s\u0103 reafirme suportul pentru integritatea teritorial\u0103 a republicii noastre. Rezolu\u021bia reafirm\u0103 pozi\u021bia Statelor Unite \u00een sus\u021binerea suveranit\u0103\u021bii, independen\u021bei \u0219i integrit\u0103\u021bii teritoriale a R. Moldova, precum&#8230;<\/p>\n","protected":false},"author":2,"featured_media":0,"comment_status":"closed","ping_status":"open","sticky":false,"template":"","format":"standard","meta":[],"categories":[1],"tags":[],"_links":{"self":[{"href":"https:\/\/centers.ulbsibiu.ro\/ccsprise\/lact\/wp-json\/wp\/v2\/posts\/5372"}],"collection":[{"href":"https:\/\/centers.ulbsibiu.ro\/ccsprise\/lact\/wp-json\/wp\/v2\/posts"}],"about":[{"href":"https:\/\/centers.ulbsibiu.ro\/ccsprise\/lact\/wp-json\/wp\/v2\/types\/post"}],"author":[{"embeddable":true,"href":"https:\/\/centers.ulbsibiu.ro\/ccsprise\/lact\/wp-json\/wp\/v2\/users\/2"}],"replies":[{"embeddable":true,"href":"https:\/\/centers.ulbsibiu.ro\/ccsprise\/lact\/wp-json\/wp\/v2\/comments?post=5372"}],"version-history":[{"count":1,"href":"https:\/\/centers.ulbsibiu.ro\/ccsprise\/lact\/wp-json\/wp\/v2\/posts\/5372\/revisions"}],"predecessor-version":[{"id":5373,"href":"https:\/\/centers.ulbsibiu.ro\/ccsprise\/lact\/wp-json\/wp\/v2\/posts\/5372\/revisions\/5373"}],"wp:attachment":[{"href":"https:\/\/centers.ulbsibiu.ro\/ccsprise\/lact\/wp-json\/wp\/v2\/media?parent=5372"}],"wp:term":[{"taxonomy":"category","embeddable":true,"href":"https:\/\/centers.ulbsibiu.ro\/ccsprise\/lact\/wp-json\/wp\/v2\/categories?post=5372"},{"taxonomy":"post_tag","embeddable":true,"href":"https:\/\/centers.ulbsibiu.ro\/ccsprise\/lact\/wp-json\/wp\/v2\/tags?post=5372"}],"curies":[{"name":"wp","href":"https:\/\/api.w.org\/{rel}","templated":true}]}}