{"id":5370,"date":"2018-09-19T19:38:15","date_gmt":"2018-09-19T17:38:15","guid":{"rendered":"https:\/\/centers.ulbsibiu.ro\/ccsprise\/lact\/?p=5370"},"modified":"2018-09-19T19:38:15","modified_gmt":"2018-09-19T17:38:15","slug":"gov-md-viceprim-ministrul-cristina-lesnic-a-participat-la-reuniunea-comitetului-de-ministri-al-consiliului-europei-pentru-drepturile-omului","status":"publish","type":"post","link":"https:\/\/centers.ulbsibiu.ro\/ccsprise\/lact\/gov-md-viceprim-ministrul-cristina-lesnic-a-participat-la-reuniunea-comitetului-de-ministri-al-consiliului-europei-pentru-drepturile-omului\/","title":{"rendered":"Gov.md &#8211; Viceprim-ministrul Cristina Lesnic a participat la reuniunea Comitetului de Mini\u0219tri al Consiliului Europei pentru Drepturile Omului"},"content":{"rendered":"<p>Pe 18 septembrie 2018, Vicepremierul Cristina Lesnic a participat la cea de-a 1324-a reuniune a Comitetului de Mini\u0219tri al Consiliului Europei pentru Drepturile Omului, \u00een cadrul c\u0103reia au fost abordate evolu\u021biile pe marginea Hot\u0103r\u00e2rii CEDO pronun\u021bat\u0103 pe 19 octombrie 2012 \u00een cauza Catan \u0219i al\u021bii vs. Republica Moldova \u0219i Federa\u021bia Rus\u0103 \u0219i m\u0103surile ce se impun a fi \u00eentreprinse de c\u0103tre Guvernul Federa\u021biei Ruse \u00een vederea execut\u0103rii acestei decizii.<\/p>\n<p>Viceprim-ministrul Cristina Lesnic a intervenit \u00een procesul de dezbateri pe marginea hot\u0103r\u00e2rii men\u021bionate, subliniind importan\u021ba execut\u0103rii acesteia conform procedurilor stabilite, precum \u0219i accentu\u00e2nd indispensabilitatea garant\u0103rii dreptului fundamental la educa\u021bie \u00een limba matern\u0103, cu asigurarea func\u021bion\u0103rii \u0219colilor cu predare \u00een grafie latin\u0103 din regiunea transnistrean\u0103 a Republicii Moldova \u00een condi\u021bii ce corespund exigen\u021belor educa\u021bionale.<\/p>\n<p>\u00cen context, reamintim c\u0103 hot\u0103r\u00e2rea Catan \u0219.a. vs. R.Moldova \u0219i F.Rus\u0103, de la data pronun\u021b\u0103rii acesteia \u0219i p\u00e2n\u0103 \u00een prezent figureaz\u0103 \u00een mod constant pe agenda Comitetului de Mini\u0219tri al Consiliului Europei pentru Drepturile Omului, care monitorizeaz\u0103 \u00een mod constant gradul de executare al acesteia \u0219i discut\u0103 posibilele mecanisme de implementare viabil\u0103, \u00een conformitate cu prevederile Conven\u021biei europene a drepturilor omului \u0219i a protocoalelor adi\u021bionale la aceasta.<\/p>\n<p>Cauza Catan a fost abordat\u0103 \u0219i la cea de-a 1310-a reuniune ce a avut loc la Strasbourg, \u00een perioada 13-15 martie 2018, iar dezbaterile vor continua p\u00e2n\u0103 la executarea definitiv\u0103 a acesteia.<\/p>\n<p>Sursa:\u00a0<a href=\"https:\/\/gov.md\/ro\/content\/viceprim-ministrul-cristina-lesnic-participat-la-reuniunea-comitetului-de-ministri-al\">https:\/\/gov.md\/<\/a><\/p>\n","protected":false},"excerpt":{"rendered":"<p>Pe 18 septembrie 2018, Vicepremierul Cristina Lesnic a participat la cea de-a 1324-a reuniune a Comitetului de Mini\u0219tri al Consiliului Europei pentru Drepturile Omului, \u00een cadrul c\u0103reia au fost abordate evolu\u021biile pe marginea Hot\u0103r\u00e2rii CEDO pronun\u021bat\u0103 pe 19 octombrie 2012 \u00een cauza Catan \u0219i al\u021bii vs. Republica Moldova \u0219i Federa\u021bia Rus\u0103 \u0219i m\u0103surile ce se&#8230;<\/p>\n","protected":false},"author":2,"featured_media":0,"comment_status":"closed","ping_status":"open","sticky":false,"template":"","format":"standard","meta":[],"categories":[1],"tags":[],"_links":{"self":[{"href":"https:\/\/centers.ulbsibiu.ro\/ccsprise\/lact\/wp-json\/wp\/v2\/posts\/5370"}],"collection":[{"href":"https:\/\/centers.ulbsibiu.ro\/ccsprise\/lact\/wp-json\/wp\/v2\/posts"}],"about":[{"href":"https:\/\/centers.ulbsibiu.ro\/ccsprise\/lact\/wp-json\/wp\/v2\/types\/post"}],"author":[{"embeddable":true,"href":"https:\/\/centers.ulbsibiu.ro\/ccsprise\/lact\/wp-json\/wp\/v2\/users\/2"}],"replies":[{"embeddable":true,"href":"https:\/\/centers.ulbsibiu.ro\/ccsprise\/lact\/wp-json\/wp\/v2\/comments?post=5370"}],"version-history":[{"count":1,"href":"https:\/\/centers.ulbsibiu.ro\/ccsprise\/lact\/wp-json\/wp\/v2\/posts\/5370\/revisions"}],"predecessor-version":[{"id":5371,"href":"https:\/\/centers.ulbsibiu.ro\/ccsprise\/lact\/wp-json\/wp\/v2\/posts\/5370\/revisions\/5371"}],"wp:attachment":[{"href":"https:\/\/centers.ulbsibiu.ro\/ccsprise\/lact\/wp-json\/wp\/v2\/media?parent=5370"}],"wp:term":[{"taxonomy":"category","embeddable":true,"href":"https:\/\/centers.ulbsibiu.ro\/ccsprise\/lact\/wp-json\/wp\/v2\/categories?post=5370"},{"taxonomy":"post_tag","embeddable":true,"href":"https:\/\/centers.ulbsibiu.ro\/ccsprise\/lact\/wp-json\/wp\/v2\/tags?post=5370"}],"curies":[{"name":"wp","href":"https:\/\/api.w.org\/{rel}","templated":true}]}}