{"id":5366,"date":"2018-09-17T18:26:42","date_gmt":"2018-09-17T16:26:42","guid":{"rendered":"https:\/\/centers.ulbsibiu.ro\/ccsprise\/lact\/?p=5366"},"modified":"2018-09-17T18:26:42","modified_gmt":"2018-09-17T16:26:42","slug":"europalibera-org-misiunea-osce-in-moldova-si-a-exprimat-ingrijorarea-fata-de-exercitiile-militare-la-nistru-organizate-de-tiraspol","status":"publish","type":"post","link":"https:\/\/centers.ulbsibiu.ro\/ccsprise\/lact\/europalibera-org-misiunea-osce-in-moldova-si-a-exprimat-ingrijorarea-fata-de-exercitiile-militare-la-nistru-organizate-de-tiraspol\/","title":{"rendered":"Europalibera.org &#8211; Misiunea OSCE \u00een Moldova \u0219i-a exprimat \u00eengrijorarea fa\u021b\u0103 de exerci\u021biile militare la Nistru organizate de Tiraspol"},"content":{"rendered":"<p><span style=\"display: inline !important; float: none; background-color: transparent; color: #1f2124; font-family: 'Skolar-Light_Cyr-Ltn',Georgia,Times,'Times New Roman',serif; font-size: 18px; font-style: normal; font-variant: normal; font-weight: 400; letter-spacing: normal; orphans: 2; text-align: left; text-decoration: none; text-indent: 0px; text-transform: none; -webkit-text-stroke-width: 0px; white-space: normal; word-spacing: 0px;\">Misiunea OSCE \u00een Moldova \u0219i-a exprimat \u00eengrijorarea fa\u021b\u0103 de exerci\u021biile militare cu construirea podului de pontoane, organizate de c\u0103tre regimul separatist l\u00e2ng\u0103 Tiraspol pe 14 septembrie. <\/span><\/p>\n<p><span style=\"display: inline !important; float: none; background-color: transparent; color: #1f2124; font-family: 'Skolar-Light_Cyr-Ltn',Georgia,Times,'Times New Roman',serif; font-size: 18px; font-style: normal; font-variant: normal; font-weight: 400; letter-spacing: normal; orphans: 2; text-align: left; text-decoration: none; text-indent: 0px; text-transform: none; -webkit-text-stroke-width: 0px; white-space: normal; word-spacing: 0px;\">\u00centr-un comunicat de pres\u0103, misiunea OSCE spune c\u0103 potrivit acordul de pace din 1992 exerci\u021biile militare din zona de securitate trebuie aprobate de Comisia Unificat\u0103 de Control, dar \u201eacest lucru nu a fost f\u0103cut \u00een cazul de fa\u021b\u0103\u201d. <\/span><\/p>\n<p><span style=\"display: inline !important; float: none; background-color: transparent; color: #1f2124; font-family: 'Skolar-Light_Cyr-Ltn',Georgia,Times,'Times New Roman',serif; font-size: 18px; font-style: normal; font-variant: normal; font-weight: 400; letter-spacing: normal; orphans: 2; text-align: left; text-decoration: none; text-indent: 0px; text-transform: none; -webkit-text-stroke-width: 0px; white-space: normal; word-spacing: 0px;\">Aceasta este a doua oar\u0103 \u00een ultima lun\u0103 de zile c\u00e2nd for\u021bele separatiste \u021bin exerci\u021bii militare \u00een zona de securitate f\u0103r\u0103 aprobarea CUC. Manevrele precedente, de la jum\u0103tatea lunii august, au fost criticate de OSCE, guvernul de la Chi\u0219in\u0103u \u0219i Ucraina.<\/span><\/p>\n<p>Sursa:\u00a0<a href=\"https:\/\/www.europalibera.org\/a\/29494573.html\">https:\/\/www.europalibera.org\/<\/a><\/p>\n","protected":false},"excerpt":{"rendered":"<p>Misiunea OSCE \u00een Moldova \u0219i-a exprimat \u00eengrijorarea fa\u021b\u0103 de exerci\u021biile militare cu construirea podului de pontoane, organizate de c\u0103tre regimul separatist l\u00e2ng\u0103 Tiraspol pe 14 septembrie. \u00centr-un comunicat de pres\u0103, misiunea OSCE spune c\u0103 potrivit acordul de pace din 1992 exerci\u021biile militare din zona de securitate trebuie aprobate de Comisia Unificat\u0103 de Control, dar \u201eacest&#8230;<\/p>\n","protected":false},"author":2,"featured_media":0,"comment_status":"closed","ping_status":"open","sticky":false,"template":"","format":"standard","meta":[],"categories":[1],"tags":[],"_links":{"self":[{"href":"https:\/\/centers.ulbsibiu.ro\/ccsprise\/lact\/wp-json\/wp\/v2\/posts\/5366"}],"collection":[{"href":"https:\/\/centers.ulbsibiu.ro\/ccsprise\/lact\/wp-json\/wp\/v2\/posts"}],"about":[{"href":"https:\/\/centers.ulbsibiu.ro\/ccsprise\/lact\/wp-json\/wp\/v2\/types\/post"}],"author":[{"embeddable":true,"href":"https:\/\/centers.ulbsibiu.ro\/ccsprise\/lact\/wp-json\/wp\/v2\/users\/2"}],"replies":[{"embeddable":true,"href":"https:\/\/centers.ulbsibiu.ro\/ccsprise\/lact\/wp-json\/wp\/v2\/comments?post=5366"}],"version-history":[{"count":1,"href":"https:\/\/centers.ulbsibiu.ro\/ccsprise\/lact\/wp-json\/wp\/v2\/posts\/5366\/revisions"}],"predecessor-version":[{"id":5367,"href":"https:\/\/centers.ulbsibiu.ro\/ccsprise\/lact\/wp-json\/wp\/v2\/posts\/5366\/revisions\/5367"}],"wp:attachment":[{"href":"https:\/\/centers.ulbsibiu.ro\/ccsprise\/lact\/wp-json\/wp\/v2\/media?parent=5366"}],"wp:term":[{"taxonomy":"category","embeddable":true,"href":"https:\/\/centers.ulbsibiu.ro\/ccsprise\/lact\/wp-json\/wp\/v2\/categories?post=5366"},{"taxonomy":"post_tag","embeddable":true,"href":"https:\/\/centers.ulbsibiu.ro\/ccsprise\/lact\/wp-json\/wp\/v2\/tags?post=5366"}],"curies":[{"name":"wp","href":"https:\/\/api.w.org\/{rel}","templated":true}]}}