{"id":5362,"date":"2018-09-16T17:50:45","date_gmt":"2018-09-16T15:50:45","guid":{"rendered":"https:\/\/centers.ulbsibiu.ro\/ccsprise\/lact\/?p=5362"},"modified":"2018-09-16T17:50:45","modified_gmt":"2018-09-16T15:50:45","slug":"sputnik-md-am-putea-avea-aceleasi-accize-pentru-automobile-pe-ambele-maluri-ale-nistrului","status":"publish","type":"post","link":"https:\/\/centers.ulbsibiu.ro\/ccsprise\/lact\/sputnik-md-am-putea-avea-aceleasi-accize-pentru-automobile-pe-ambele-maluri-ale-nistrului\/","title":{"rendered":"Sputnik.md &#8211; Am putea avea acelea\u0219i accize pentru automobile pe ambele maluri ale Nistrului"},"content":{"rendered":"<p>Discrepan\u021b\u0103 dintre valoare accizelor pe cele dou\u0103 maluri ale Nistrului ar putea s\u0103 nu continue prea mult timp.<\/p>\n<p>\u00cen cadrul emisiunii &#8220;Logica Puterii&#8221;, difuzat\u0103 de Sputnik Moldova, jurnalista Tatiana Cebotari i-a solicitat o opinie la acest subiect vicepremierului pentru Reintegrare, Cristina Lesnic. Ea a men\u021bionat c\u0103, \u00eentr-adev\u0103r, exist\u0103 o clauz\u0103 care presupune c\u0103 Tiraspolul urmeaz\u0103 s\u0103 stabileasc\u0103 formula de aproximare a acestor taxe. Acesta va fi subiectul noilor discu\u021bii care urmeaz\u0103 s\u0103 aib\u0103 loc \u00eentre Chi\u0219in\u0103u \u0219i Tiraspol.<\/p>\n<p><span style=\"display: inline !important; float: none; background-color: transparent; color: #222222; font-family: 'Open Sans',sans-serif; font-size: 13px; font-size-adjust: none; font-stretch: 100%; font-style: normal; font-variant: normal; font-weight: 400; letter-spacing: normal; line-height: 16px; orphans: 2; text-align: left; text-decoration: none; text-indent: 0px; text-shadow: none; text-transform: none; -webkit-text-stroke-width: 0px; white-space: normal; word-spacing: 0px;\">Read more: <\/span><a href=\"https:\/\/sputnik.md\/radio_podcasturi\/20180916\/21818798\/saccize-masini-transnistria-lesnic-ccristina-reintegare.html\">https:\/\/sputnik.md\/radio_podcasturi\/20180916\/21818798\/saccize-masini-transnistria-lesnic-ccristina-reintegare.html<\/a><\/p>\n","protected":false},"excerpt":{"rendered":"<p>Discrepan\u021b\u0103 dintre valoare accizelor pe cele dou\u0103 maluri ale Nistrului ar putea s\u0103 nu continue prea mult timp. \u00cen cadrul emisiunii &#8220;Logica Puterii&#8221;, difuzat\u0103 de Sputnik Moldova, jurnalista Tatiana Cebotari i-a solicitat o opinie la acest subiect vicepremierului pentru Reintegrare, Cristina Lesnic. Ea a men\u021bionat c\u0103, \u00eentr-adev\u0103r, exist\u0103 o clauz\u0103 care presupune c\u0103 Tiraspolul urmeaz\u0103&#8230;<\/p>\n","protected":false},"author":2,"featured_media":0,"comment_status":"closed","ping_status":"open","sticky":false,"template":"","format":"standard","meta":[],"categories":[1],"tags":[],"_links":{"self":[{"href":"https:\/\/centers.ulbsibiu.ro\/ccsprise\/lact\/wp-json\/wp\/v2\/posts\/5362"}],"collection":[{"href":"https:\/\/centers.ulbsibiu.ro\/ccsprise\/lact\/wp-json\/wp\/v2\/posts"}],"about":[{"href":"https:\/\/centers.ulbsibiu.ro\/ccsprise\/lact\/wp-json\/wp\/v2\/types\/post"}],"author":[{"embeddable":true,"href":"https:\/\/centers.ulbsibiu.ro\/ccsprise\/lact\/wp-json\/wp\/v2\/users\/2"}],"replies":[{"embeddable":true,"href":"https:\/\/centers.ulbsibiu.ro\/ccsprise\/lact\/wp-json\/wp\/v2\/comments?post=5362"}],"version-history":[{"count":1,"href":"https:\/\/centers.ulbsibiu.ro\/ccsprise\/lact\/wp-json\/wp\/v2\/posts\/5362\/revisions"}],"predecessor-version":[{"id":5363,"href":"https:\/\/centers.ulbsibiu.ro\/ccsprise\/lact\/wp-json\/wp\/v2\/posts\/5362\/revisions\/5363"}],"wp:attachment":[{"href":"https:\/\/centers.ulbsibiu.ro\/ccsprise\/lact\/wp-json\/wp\/v2\/media?parent=5362"}],"wp:term":[{"taxonomy":"category","embeddable":true,"href":"https:\/\/centers.ulbsibiu.ro\/ccsprise\/lact\/wp-json\/wp\/v2\/categories?post=5362"},{"taxonomy":"post_tag","embeddable":true,"href":"https:\/\/centers.ulbsibiu.ro\/ccsprise\/lact\/wp-json\/wp\/v2\/tags?post=5362"}],"curies":[{"name":"wp","href":"https:\/\/api.w.org\/{rel}","templated":true}]}}