{"id":5360,"date":"2018-09-15T15:48:48","date_gmt":"2018-09-15T13:48:48","guid":{"rendered":"https:\/\/centers.ulbsibiu.ro\/ccsprise\/lact\/?p=5360"},"modified":"2020-06-12T12:13:44","modified_gmt":"2020-06-12T10:13:44","slug":"europalibera-org-vladimir-socor-mergem-cu-pasi-mici-spre-un-statut-special-prin-suveranizarea-treptata-a-transnistriei","status":"publish","type":"post","link":"https:\/\/centers.ulbsibiu.ro\/ccsprise\/lact\/europalibera-org-vladimir-socor-mergem-cu-pasi-mici-spre-un-statut-special-prin-suveranizarea-treptata-a-transnistriei\/","title":{"rendered":"Europalibera.org &#8211; Vladimir Socor: \u201eMergem cu pa\u0219i mici spre un statut special, prin suveranizarea treptat\u0103 a Transnistriei\u201d"},"content":{"rendered":"<p><strong>Europa Liber\u0103: Dle Socor, rela\u021bia dintre Chi\u0219in\u0103u \u0219i Tiraspol, v\u0103 \u00eentreb a c\u00e2ta oar\u0103, cum o vede\u021bi? A adus ceva nou \u00eent\u00e2lnirea dintre Igor Dodon \u0219i Vadim Krasnoselski acum c\u00e2nd s-au \u00eent\u00e2lnit la Condri\u021ba? Cum este aceast\u0103 \u00eent\u00e2lnire v\u0103zut\u0103 din exterior?<\/strong><\/p>\n<p><strong>Vladimir Socor:<\/strong> \u201e\u00cent\u00e2lnirea de la Condri\u021ba, urmat\u0103 imediat de vizita dlui Krasnoselski la Moscova, nu a adus nimic nou, esen\u021bial, dar a adus c\u00e2teva nuan\u021be noi. O nuan\u021b\u0103 nou\u0103 este reintrarea dlui Dodon \u00een procesul de dialog politic \u00eentre Chi\u0219in\u0103u \u0219i Tiraspol. Dl Dodon fusese exclus din acest proces. Cur\u00e2nd dup\u0103 venirea la putere a dlui Krasnoselski, acesta \u00eempreun\u0103 cu aliatul sau patronul s\u0103u politic Gu\u0219an, \u0219eful trustului \u201eSheriff\u201d, au ini\u021biat un dialog direct cu dl Plahotniuc. Problema reglement\u0103rii transnistrene a fost scoas\u0103 din m\u00e2inile lui Dodon \u0219i predat\u0103 \u00een m\u00e2inile lui Plahotniuc. Dodon a fost marginalizat din procesul dialogului Chi\u0219in\u0103u-Tiraspol. Acum vedem c\u0103 dl Dodon reintr\u0103 \u00een acest proces destul de puternic, dup\u0103 o pauz\u0103 de un an aproximativ. A doua nuan\u021b\u0103: \u00een \u00eent\u00e2lnirea de la Condri\u021ba, dl Dodon s-a m\u0103rginit la a sus\u021bine Protocolul de la Berlin din 2016 \u0219i cele opt puncte, mare parte din ele \u00een bun\u0103 parte \u00eendeplinite din protocolul din 2016. Deci, pozi\u021bia dlui Dodon este identic\u0103 cu pozi\u021bia dlui Plahotniuc \u0219i a guvernului subordonat lui Plahotniuc. \u00cendeplinirea Protocolului de la Berlin, \u00eendeplinirea celor opt puncte, dintre care patru sau cinci dintre ele \u00eenseamn\u0103 transferarea unor atribute de semisuveranitate de la Chi\u0219in\u0103u c\u0103tre Tiraspol, un proces care \u00eensemn\u00e2nd suveranizarea treptat\u0103 a Transnistriei cu pa\u0219i mici. Acesta e Protocolul de la Berlin, iar pozi\u021bia dlui Dodon exprimat\u0103 la Condri\u021ba \u00een convorbirile cu dl Krasnoselski este exact pozi\u021bia guvern\u0103rii lui Plahotniuc, coincid ca dou\u0103 pic\u0103turi de ap\u0103. A treia nuan\u021b\u0103: seria aceasta de \u00eentrevederi Dodon-Krasnoselski face \u0219i ea parte din cadoul electoral oferit dlui Dodon de c\u0103tre Moscova \u00een preajma alegerilor parlamentare din Republica Moldova. Acestea sunt cele trei nuan\u021be noi.\u201d (&#8230;)<\/p>\n<p>Interviul integral:\u00a0<a href=\"https:\/\/www.europalibera.org\/a\/vladimir-socor-mergem-cu-pa\u0219i-mici-spre-un-statut-special-prin-suveranizarea-treptat\u0103-a-transnistriei-\/29490641.html\">https:\/\/www.europalibera.org\/<\/a><\/p>\n","protected":false},"excerpt":{"rendered":"<p>Europa Liber\u0103: Dle Socor, rela\u021bia dintre Chi\u0219in\u0103u \u0219i Tiraspol, v\u0103 \u00eentreb a c\u00e2ta oar\u0103, cum o vede\u021bi? A adus ceva nou \u00eent\u00e2lnirea dintre Igor Dodon \u0219i Vadim Krasnoselski acum c\u00e2nd s-au \u00eent\u00e2lnit la Condri\u021ba? Cum este aceast\u0103 \u00eent\u00e2lnire v\u0103zut\u0103 din exterior? Vladimir Socor: \u201e\u00cent\u00e2lnirea de la Condri\u021ba, urmat\u0103 imediat de vizita dlui Krasnoselski la Moscova,&#8230;<\/p>\n","protected":false},"author":2,"featured_media":0,"comment_status":"closed","ping_status":"open","sticky":false,"template":"","format":"standard","meta":[],"categories":[1],"tags":[],"_links":{"self":[{"href":"https:\/\/centers.ulbsibiu.ro\/ccsprise\/lact\/wp-json\/wp\/v2\/posts\/5360"}],"collection":[{"href":"https:\/\/centers.ulbsibiu.ro\/ccsprise\/lact\/wp-json\/wp\/v2\/posts"}],"about":[{"href":"https:\/\/centers.ulbsibiu.ro\/ccsprise\/lact\/wp-json\/wp\/v2\/types\/post"}],"author":[{"embeddable":true,"href":"https:\/\/centers.ulbsibiu.ro\/ccsprise\/lact\/wp-json\/wp\/v2\/users\/2"}],"replies":[{"embeddable":true,"href":"https:\/\/centers.ulbsibiu.ro\/ccsprise\/lact\/wp-json\/wp\/v2\/comments?post=5360"}],"version-history":[{"count":1,"href":"https:\/\/centers.ulbsibiu.ro\/ccsprise\/lact\/wp-json\/wp\/v2\/posts\/5360\/revisions"}],"predecessor-version":[{"id":5361,"href":"https:\/\/centers.ulbsibiu.ro\/ccsprise\/lact\/wp-json\/wp\/v2\/posts\/5360\/revisions\/5361"}],"wp:attachment":[{"href":"https:\/\/centers.ulbsibiu.ro\/ccsprise\/lact\/wp-json\/wp\/v2\/media?parent=5360"}],"wp:term":[{"taxonomy":"category","embeddable":true,"href":"https:\/\/centers.ulbsibiu.ro\/ccsprise\/lact\/wp-json\/wp\/v2\/categories?post=5360"},{"taxonomy":"post_tag","embeddable":true,"href":"https:\/\/centers.ulbsibiu.ro\/ccsprise\/lact\/wp-json\/wp\/v2\/tags?post=5360"}],"curies":[{"name":"wp","href":"https:\/\/api.w.org\/{rel}","templated":true}]}}