{"id":5356,"date":"2018-09-14T19:02:26","date_gmt":"2018-09-14T17:02:26","guid":{"rendered":"https:\/\/centers.ulbsibiu.ro\/ccsprise\/lact\/?p=5356"},"modified":"2018-09-14T19:02:26","modified_gmt":"2018-09-14T17:02:26","slug":"infotag-md-reprezentantii-rusiei-si-transnistriei-pledeaza-pentru-desfasurarea-intalnirilor-52-in-mod-sistemic-si-regulat","status":"publish","type":"post","link":"https:\/\/centers.ulbsibiu.ro\/ccsprise\/lact\/infotag-md-reprezentantii-rusiei-si-transnistriei-pledeaza-pentru-desfasurarea-intalnirilor-52-in-mod-sistemic-si-regulat\/","title":{"rendered":"Infotag.md &#8211; REPREZENTAN\u0162II RUSIEI \u015eI TRANSNISTRIEI PLEDEAZ\u0102 PENTRU DESF\u0102\u015eURAREA \u00ceNT\u00c2LNIRILOR \u201e5+2\u201d \u00ceN MOD SISTEMIC \u015eI REGULAT"},"content":{"rendered":"<p>Poten\u021bialul Reuniunii permanente \u00een formatul \u201e5+2\u201d trebuie s\u0103 fie pe deplin utilizat, iar \u00eentrevederile trebuie organizate \u201e\u00een mod sistematic \u0219i regulat\u201d. Aceast\u0103 opinie a fost exprimat\u0103 joi de ministrul afacerilor externe al autoproclamatei RMN, Vitalii Ignatiev, \u0219i Ambasadorul cu misiuni speciale al Ministerului Afacerilor Externe al Federa\u021biei Ruse, Serghei Gubarev, care au discutat perspectivele de desf\u0103\u0219urare a urm\u0103toarei reuniuni \u201e5+2\u201d.<\/p>\n<p>Potrivit agen\u0163iei INFOTAG cu referire la site-ul MAE al regiunii, la discu\u0163ii au mai participat \u015feful adjunct al Departamentul doi al \u0163\u0103rilor CSI al MAE rus, Vitalii Treapi\u0163in, \u0219i ambasadorul special, cu rang de viceministru al afacerilor externe al Transnistriei, Ruslan Slobodeniuk.<\/p>\n<p>\u00cen cadrul discu\u021biei a avut loc \u201eun schimb detaliat de opinii privind aspectele actuale ale situa\u021biei \u00een procesul de negocieri dintre Transnistria \u0219i Moldova, cu accent pe realizarea acordurilor la care au ajuns p\u0103r\u021bile\u201d. O aten\u021bie deosebit\u0103 a fost acordat\u0103 func\u021bion\u0103rii mecanismului de participare a transportului auto transnistrean la traficul rutier interna\u021bional.<\/p>\n<p>Totodat\u0103, a fost discutat\u0103 \u201eo gam\u0103 larg\u0103 de aspecte ale interac\u021biunii bilaterale ruso-transnistrene \u00een diferite domenii\u201d. Interlocutorii au convenit s\u0103 men\u021bin\u0103 \u201eintensitatea contactelor \u00een toate domeniile actuale ale activit\u0103\u0163ii comune\u201d.<\/p>\n<p>Dup\u0103 cum a informat anterior INFOTAG, reprezentantul special al pre\u0219edintelui \u00een exerci\u0163iu al OSCE, Franco Frattini, a declarat luni, la finele vizitei la Chi\u0219in\u0103u \u0219i Tiraspol, c\u0103 urm\u0103toarea rund\u0103 de negocieri \u00een problema transnistrean\u0103 \u00een formatul \u201e5+2\u201c va avea loc \u201enumai cu condi\u0163ia ob\u021binerii unor rezultate semnificative \u00een dialogul dintre p\u0103r\u021bi\u201d.<\/p>\n<p>Sursa:\u00a0<a href=\"http:\/\/www.infotag.md\/rebelion-ro\/266535\/\">http:\/\/www.infotag.md\/<\/a><\/p>\n","protected":false},"excerpt":{"rendered":"<p>Poten\u021bialul Reuniunii permanente \u00een formatul \u201e5+2\u201d trebuie s\u0103 fie pe deplin utilizat, iar \u00eentrevederile trebuie organizate \u201e\u00een mod sistematic \u0219i regulat\u201d. Aceast\u0103 opinie a fost exprimat\u0103 joi de ministrul afacerilor externe al autoproclamatei RMN, Vitalii Ignatiev, \u0219i Ambasadorul cu misiuni speciale al Ministerului Afacerilor Externe al Federa\u021biei Ruse, Serghei Gubarev, care au discutat perspectivele de&#8230;<\/p>\n","protected":false},"author":2,"featured_media":0,"comment_status":"closed","ping_status":"open","sticky":false,"template":"","format":"standard","meta":[],"categories":[1],"tags":[],"_links":{"self":[{"href":"https:\/\/centers.ulbsibiu.ro\/ccsprise\/lact\/wp-json\/wp\/v2\/posts\/5356"}],"collection":[{"href":"https:\/\/centers.ulbsibiu.ro\/ccsprise\/lact\/wp-json\/wp\/v2\/posts"}],"about":[{"href":"https:\/\/centers.ulbsibiu.ro\/ccsprise\/lact\/wp-json\/wp\/v2\/types\/post"}],"author":[{"embeddable":true,"href":"https:\/\/centers.ulbsibiu.ro\/ccsprise\/lact\/wp-json\/wp\/v2\/users\/2"}],"replies":[{"embeddable":true,"href":"https:\/\/centers.ulbsibiu.ro\/ccsprise\/lact\/wp-json\/wp\/v2\/comments?post=5356"}],"version-history":[{"count":1,"href":"https:\/\/centers.ulbsibiu.ro\/ccsprise\/lact\/wp-json\/wp\/v2\/posts\/5356\/revisions"}],"predecessor-version":[{"id":5357,"href":"https:\/\/centers.ulbsibiu.ro\/ccsprise\/lact\/wp-json\/wp\/v2\/posts\/5356\/revisions\/5357"}],"wp:attachment":[{"href":"https:\/\/centers.ulbsibiu.ro\/ccsprise\/lact\/wp-json\/wp\/v2\/media?parent=5356"}],"wp:term":[{"taxonomy":"category","embeddable":true,"href":"https:\/\/centers.ulbsibiu.ro\/ccsprise\/lact\/wp-json\/wp\/v2\/categories?post=5356"},{"taxonomy":"post_tag","embeddable":true,"href":"https:\/\/centers.ulbsibiu.ro\/ccsprise\/lact\/wp-json\/wp\/v2\/tags?post=5356"}],"curies":[{"name":"wp","href":"https:\/\/api.w.org\/{rel}","templated":true}]}}