{"id":5354,"date":"2018-09-14T18:59:59","date_gmt":"2018-09-14T16:59:59","guid":{"rendered":"https:\/\/centers.ulbsibiu.ro\/ccsprise\/lact\/?p=5354"},"modified":"2018-09-14T18:59:59","modified_gmt":"2018-09-14T16:59:59","slug":"noi-md-liderul-autoproclamatei-republici-moldovenesti-nistrene-rmn-vadim-krasnoselski-se-pronunta-pentru-mentinerea-formatului-existent-al-operatiunii-de-mentinere-a-pacii-pe-malurile-nistrului","status":"publish","type":"post","link":"https:\/\/centers.ulbsibiu.ro\/ccsprise\/lact\/noi-md-liderul-autoproclamatei-republici-moldovenesti-nistrene-rmn-vadim-krasnoselski-se-pronunta-pentru-mentinerea-formatului-existent-al-operatiunii-de-mentinere-a-pacii-pe-malurile-nistrului\/","title":{"rendered":"Noi.md &#8211; Liderul autoproclamatei Republici Moldovene\u0219ti Nistrene (RMN), Vadim Krasnoselski, se pronun\u021b\u0103 pentru men\u021binerea formatului existent al opera\u021biunii de men\u021binere a p\u0103cii pe malurile Nistrului"},"content":{"rendered":"<p>El a afirmat acest lucru \u00een timpul unei \u00eent\u00eelniri la Moscova cu pre\u0219edintele adjunct al guvernului rus, reprezentantul special al pre\u0219edintelui rus pentru rela\u021biile comerciale \u0219i economice cu Republica Moldova, Dmitri Kozak, relateaz\u0103 Noi.md<\/p>\n<p>Chi\u0219in\u0103ul a aprobat punctul privind men\u021binerea pacificatorilor ru\u0219i Potrivit Serviciului de pres\u0103 al liderului transnistrean, participan\u021bii la dialog au discutat o gam\u0103 larg\u0103 de probleme de actualitate ale rela\u021biilor ruso-transnistrene.<\/p>\n<p>P\u0103r\u021bile au remarcat caracterul de succes al opera\u021biunii de men\u021binere a p\u0103cii din Rusia pe malurile Nistrului \u0219i au fost de acord c\u0103 trebuie continuat\u0103 \u00een formatul actual, drept garan\u021bie a p\u0103cii \u0219i stabilit\u0103\u021bii \u00een regiune.<\/p>\n<p>Referindu-se la cooperarea politic\u0103 \u0219i diplomatic\u0103 dintre Rusia \u0219i Transnistria, Vadim Krasnoselski a subliniat participarea activ\u0103 a Federa\u021biei Ruse \u00een formatul de negocieri \u201e5 + 2\u201c, ca \u021bar\u0103 garant.<\/p>\n<p>\u00cen cadrul \u00eent\u00eelnirii de la Moscova, vicepremierul rus \u0219i liderul transnistrean au discutat despre starea actual\u0103 \u0219i perspectivele cooper\u0103rii bilaterale \u00een chestiuni economice, umanitare \u0219i culturale.<\/p>\n<p>Vadim Krasnoselski a mul\u021bumit Federa\u021biei Ruse pentru sprijinirea Transnistriei \u00een aceste domenii \u0219i \u0219i-a exprimat speran\u021ba pentru continuarea interac\u021biunii substan\u021biale active \u00een viitor.<\/p>\n<p>Cite\u0219te mai mult: <a href=\"https:\/\/noi.md\/md\/politica\/krasnoselski-isi-doreste-mentinerea-pacificatorilor-rusi-in-transnistria\">https:\/\/noi.md\/md\/politica\/krasnoselski-isi-doreste-mentinerea-pacificatorilor-rusi-in-transnistria<\/a><br \/>\nFacebook: <a href=\"https:\/\/www.facebook.com\/NOI.md\/\">NOI.md<\/a> | Odnoklassniki: <a href=\"https:\/\/www.ok.ru\/noi.moldova\">Noi.Moldova<\/a><\/p>\n","protected":false},"excerpt":{"rendered":"<p>El a afirmat acest lucru \u00een timpul unei \u00eent\u00eelniri la Moscova cu pre\u0219edintele adjunct al guvernului rus, reprezentantul special al pre\u0219edintelui rus pentru rela\u021biile comerciale \u0219i economice cu Republica Moldova, Dmitri Kozak, relateaz\u0103 Noi.md Chi\u0219in\u0103ul a aprobat punctul privind men\u021binerea pacificatorilor ru\u0219i Potrivit Serviciului de pres\u0103 al liderului transnistrean, participan\u021bii la dialog au discutat o&#8230;<\/p>\n","protected":false},"author":2,"featured_media":0,"comment_status":"closed","ping_status":"open","sticky":false,"template":"","format":"standard","meta":[],"categories":[1],"tags":[],"_links":{"self":[{"href":"https:\/\/centers.ulbsibiu.ro\/ccsprise\/lact\/wp-json\/wp\/v2\/posts\/5354"}],"collection":[{"href":"https:\/\/centers.ulbsibiu.ro\/ccsprise\/lact\/wp-json\/wp\/v2\/posts"}],"about":[{"href":"https:\/\/centers.ulbsibiu.ro\/ccsprise\/lact\/wp-json\/wp\/v2\/types\/post"}],"author":[{"embeddable":true,"href":"https:\/\/centers.ulbsibiu.ro\/ccsprise\/lact\/wp-json\/wp\/v2\/users\/2"}],"replies":[{"embeddable":true,"href":"https:\/\/centers.ulbsibiu.ro\/ccsprise\/lact\/wp-json\/wp\/v2\/comments?post=5354"}],"version-history":[{"count":1,"href":"https:\/\/centers.ulbsibiu.ro\/ccsprise\/lact\/wp-json\/wp\/v2\/posts\/5354\/revisions"}],"predecessor-version":[{"id":5355,"href":"https:\/\/centers.ulbsibiu.ro\/ccsprise\/lact\/wp-json\/wp\/v2\/posts\/5354\/revisions\/5355"}],"wp:attachment":[{"href":"https:\/\/centers.ulbsibiu.ro\/ccsprise\/lact\/wp-json\/wp\/v2\/media?parent=5354"}],"wp:term":[{"taxonomy":"category","embeddable":true,"href":"https:\/\/centers.ulbsibiu.ro\/ccsprise\/lact\/wp-json\/wp\/v2\/categories?post=5354"},{"taxonomy":"post_tag","embeddable":true,"href":"https:\/\/centers.ulbsibiu.ro\/ccsprise\/lact\/wp-json\/wp\/v2\/tags?post=5354"}],"curies":[{"name":"wp","href":"https:\/\/api.w.org\/{rel}","templated":true}]}}