{"id":5352,"date":"2018-09-14T18:56:53","date_gmt":"2018-09-14T16:56:53","guid":{"rendered":"https:\/\/centers.ulbsibiu.ro\/ccsprise\/lact\/?p=5352"},"modified":"2018-09-14T18:56:53","modified_gmt":"2018-09-14T16:56:53","slug":"gov-md-delegatia-republicii-moldova-a-reiterat-problema-liberei-circulatii-in-zona-de-securitate","status":"publish","type":"post","link":"https:\/\/centers.ulbsibiu.ro\/ccsprise\/lact\/gov-md-delegatia-republicii-moldova-a-reiterat-problema-liberei-circulatii-in-zona-de-securitate\/","title":{"rendered":"Gov.md &#8211; Delega\u021bia Republicii Moldova a reiterat problema liberei circula\u021bii \u00een Zona de Securitate"},"content":{"rendered":"<p>Delega\u021bia Republicii Moldova \u00een Comisia Unificat\u0103 de Control (CUC) a prezidat \u0219edin\u021ba CUC care s-a desf\u0103\u0219urat la 13 septembrie curent \u00een or. Bender.<\/p>\n<p>La propunerea Delega\u021biei Chi\u0219in\u0103ului, a fost luat\u0103 decizia de a-l elibera din func\u021bia de observator militar pe locotenent-colonelul Veaceslav Veste, a c\u0103rui deplasare de serviciu s-a \u00eencheiat.<\/p>\n<p>\u00cen cadrul audierii raportului Comandamentului Militar \u00centrunit privind situa\u021bia din Zona de Securitate pentru perioada 5 \u2013 11 septembrie 2018, delega\u021bia Republicii Moldova a cerut explica\u021bii referitor la ac\u021biunile de mas\u0103 cu caracter militar organizate la 7-9 septembrie curent de c\u0103tre structurile militare ale Tiraspolului \u00een apropiere de localitatea Merene\u0219ti, \u00een sectorul de sud al Zonei de Securitate. La aceste ac\u021biuni au fost implica\u021bi circa 500 de studen\u021bi-militari, inclusiv minori: cade\u021bi, suvorovi\u0219ti, care sub \u00eendrumarea militarilor transnistreni au urmat un curs de preg\u0103tire cu utilizarea echipamentelor militare.<\/p>\n<p>\u00cen alt\u0103 ordine de idei, pre\u0219edintele Delega\u021biei Republicii Moldova a semnalat c\u0103 la 6 septembrie curent, angaja\u021bii subdiviziunilor Agen\u021biei servicii publice recent inaugurate \u00een ora\u0219ele Tiraspol \u0219i R\u00e2bni\u021ba au fost bloca\u021bi la a\u0219a-numitele posturi de control instalate ilegal de c\u0103tre structurile de for\u021b\u0103 transnistrene, fiindu-le perchizi\u021bionate automobilele de serviciu, ridicate actele de identitate, dar \u0219i formulare, \u0219tampile \u0219i alte rechizite de lucru. Asemenea incidente s-au produs concomitent la podurile peste r\u00e2ul Nistru Gura B\u00e2cului \u2013 B\u00e2cioc \u0219i Rezina \u2013 R\u00e2bni\u021ba.<\/p>\n<p>Aceste evenimente demonstreaz\u0103 o dat\u0103 \u00een plus abuzurile comise de Tiraspol prin care se \u00eencalc\u0103 dreptul la libera circula\u021bie \u00een Zona de Securitate \u0219i reprezint\u0103 un argument forte pentru promovarea conceptului privind asigurarea securit\u0103\u021bii \u0219i liberei circula\u021bii \u00een Zona de Securitate de c\u0103tre contingentul militar de pacificare \u00een comun cu Poli\u021bia \u0219i a\u0219a-numita \u201emili\u021bie\u201d.<\/p>\n<p>Discu\u021biile la subiectul \u00een cauz\u0103 vor fi continuate la urm\u0103toarea \u0219edin\u021b\u0103 a CUC preconizat\u0103 pentru 20 septembrie 2018.<\/p>\n<p>&nbsp;<\/p>\n<p><strong>Delega\u021bia Republicii Moldova \u00een CUC<\/strong><\/p>\n<p>&nbsp;<\/p>\n","protected":false},"excerpt":{"rendered":"<p>Delega\u021bia Republicii Moldova \u00een Comisia Unificat\u0103 de Control (CUC) a prezidat \u0219edin\u021ba CUC care s-a desf\u0103\u0219urat la 13 septembrie curent \u00een or. Bender. La propunerea Delega\u021biei Chi\u0219in\u0103ului, a fost luat\u0103 decizia de a-l elibera din func\u021bia de observator militar pe locotenent-colonelul Veaceslav Veste, a c\u0103rui deplasare de serviciu s-a \u00eencheiat. \u00cen cadrul audierii raportului Comandamentului&#8230;<\/p>\n","protected":false},"author":2,"featured_media":0,"comment_status":"closed","ping_status":"open","sticky":false,"template":"","format":"standard","meta":[],"categories":[1],"tags":[],"_links":{"self":[{"href":"https:\/\/centers.ulbsibiu.ro\/ccsprise\/lact\/wp-json\/wp\/v2\/posts\/5352"}],"collection":[{"href":"https:\/\/centers.ulbsibiu.ro\/ccsprise\/lact\/wp-json\/wp\/v2\/posts"}],"about":[{"href":"https:\/\/centers.ulbsibiu.ro\/ccsprise\/lact\/wp-json\/wp\/v2\/types\/post"}],"author":[{"embeddable":true,"href":"https:\/\/centers.ulbsibiu.ro\/ccsprise\/lact\/wp-json\/wp\/v2\/users\/2"}],"replies":[{"embeddable":true,"href":"https:\/\/centers.ulbsibiu.ro\/ccsprise\/lact\/wp-json\/wp\/v2\/comments?post=5352"}],"version-history":[{"count":1,"href":"https:\/\/centers.ulbsibiu.ro\/ccsprise\/lact\/wp-json\/wp\/v2\/posts\/5352\/revisions"}],"predecessor-version":[{"id":5353,"href":"https:\/\/centers.ulbsibiu.ro\/ccsprise\/lact\/wp-json\/wp\/v2\/posts\/5352\/revisions\/5353"}],"wp:attachment":[{"href":"https:\/\/centers.ulbsibiu.ro\/ccsprise\/lact\/wp-json\/wp\/v2\/media?parent=5352"}],"wp:term":[{"taxonomy":"category","embeddable":true,"href":"https:\/\/centers.ulbsibiu.ro\/ccsprise\/lact\/wp-json\/wp\/v2\/categories?post=5352"},{"taxonomy":"post_tag","embeddable":true,"href":"https:\/\/centers.ulbsibiu.ro\/ccsprise\/lact\/wp-json\/wp\/v2\/tags?post=5352"}],"curies":[{"name":"wp","href":"https:\/\/api.w.org\/{rel}","templated":true}]}}