{"id":5339,"date":"2018-09-12T07:29:27","date_gmt":"2018-09-12T05:29:27","guid":{"rendered":"https:\/\/centers.ulbsibiu.ro\/ccsprise\/lact\/?p=5339"},"modified":"2018-09-12T07:29:27","modified_gmt":"2018-09-12T05:29:27","slug":"gov-md-viceprim-ministrul-cristina-lesnic-a-avut-o-intrevedere-cu-noul-sef-al-misunii-osce-din-moldova-claus-neukirch","status":"publish","type":"post","link":"https:\/\/centers.ulbsibiu.ro\/ccsprise\/lact\/gov-md-viceprim-ministrul-cristina-lesnic-a-avut-o-intrevedere-cu-noul-sef-al-misunii-osce-din-moldova-claus-neukirch\/","title":{"rendered":"Gov.md &#8211; Viceprim-ministrul Cristina Lesnic a avut o \u00eentrevedere cu noul \u0218ef al Misunii OSCE din Moldova Claus Neukirch"},"content":{"rendered":"<p>Viceprim-ministrul Cristina Lesnic s-a \u00eent\u00e2lnit ast\u0103zi, 11 septembrie curent, cu noul \u0218ef al Misiunii OSCE din Moldova Claus Neukirch.<\/p>\n<p>Vicepremierul Cristina Lesnic l-a felicitat pe oficialul cu ocazia numirii \u00een func\u021bie \u0219i a exprimat speran\u021ba men\u021binerii unei cooper\u0103ri productive \u00een vederea avans\u0103rii procesului de reglementare transnistrean\u0103.<\/p>\n<p>\u00cen continuare, p\u0103r\u021bile au punctat subiectele ce necesit\u0103 o aten\u021bie sporit\u0103 \u00een timpul apropiat dar \u0219i au stabilit o agend\u0103 comun\u0103 \u00eentru definitivarea unor solu\u021bii.<\/p>\n<p>Cu prec\u0103dere, \u00een cadrul \u00eentrunirii au fost discutate aspectele ce \u021bin de situa\u021bia din perimetrul Zonei de Securitate, situa\u021bia \u0219colilor cu predare \u00een grafie latin\u0103 din st\u00e2nga Nistrului, accederea mijloacelor de transport cu numere de \u00eenmatriculare neutre \u00een traficul rutier interna\u021bional, dar \u0219i subiectul cu privire la respectarea drepturilor omului.<\/p>\n<p>Domnul Claus Neukirch a notat la r\u00e2ndul lui c\u0103 mizeaz\u0103 \u00een continuare pe identificarea unor solu\u021bii pragmatice pentru binele tuturor cet\u0103\u021benilor \u0219i c\u0103 deschiderea punctelor de \u00eenmatriculare a mijloacelor de transport din or. Tiraspol \u0219i R\u00e2bni\u021ba a constituit un nou caz de succes \u00een procesul de reglementare.<\/p>\n<p>La final, Viceprim-ministrul Cristina Lesnic a mul\u021bumit noului \u0218ef al OSCE pentru vizita \u00eentreprins\u0103 ur\u00e2ndu-i succes \u00een desf\u0103\u0219urarea mandatului.<\/p>\n<p>Sursa:\u00a0<a href=\"https:\/\/gov.md\/ro\/content\/viceprim-ministrul-cristina-lesnic-avut-o-intrevedere-cu-noul-sef-al-misunii-osce-din\">https:\/\/gov.md\/<\/a><\/p>\n","protected":false},"excerpt":{"rendered":"<p>Viceprim-ministrul Cristina Lesnic s-a \u00eent\u00e2lnit ast\u0103zi, 11 septembrie curent, cu noul \u0218ef al Misiunii OSCE din Moldova Claus Neukirch. Vicepremierul Cristina Lesnic l-a felicitat pe oficialul cu ocazia numirii \u00een func\u021bie \u0219i a exprimat speran\u021ba men\u021binerii unei cooper\u0103ri productive \u00een vederea avans\u0103rii procesului de reglementare transnistrean\u0103. \u00cen continuare, p\u0103r\u021bile au punctat subiectele ce necesit\u0103 o&#8230;<\/p>\n","protected":false},"author":2,"featured_media":0,"comment_status":"closed","ping_status":"open","sticky":false,"template":"","format":"standard","meta":[],"categories":[1],"tags":[],"_links":{"self":[{"href":"https:\/\/centers.ulbsibiu.ro\/ccsprise\/lact\/wp-json\/wp\/v2\/posts\/5339"}],"collection":[{"href":"https:\/\/centers.ulbsibiu.ro\/ccsprise\/lact\/wp-json\/wp\/v2\/posts"}],"about":[{"href":"https:\/\/centers.ulbsibiu.ro\/ccsprise\/lact\/wp-json\/wp\/v2\/types\/post"}],"author":[{"embeddable":true,"href":"https:\/\/centers.ulbsibiu.ro\/ccsprise\/lact\/wp-json\/wp\/v2\/users\/2"}],"replies":[{"embeddable":true,"href":"https:\/\/centers.ulbsibiu.ro\/ccsprise\/lact\/wp-json\/wp\/v2\/comments?post=5339"}],"version-history":[{"count":1,"href":"https:\/\/centers.ulbsibiu.ro\/ccsprise\/lact\/wp-json\/wp\/v2\/posts\/5339\/revisions"}],"predecessor-version":[{"id":5340,"href":"https:\/\/centers.ulbsibiu.ro\/ccsprise\/lact\/wp-json\/wp\/v2\/posts\/5339\/revisions\/5340"}],"wp:attachment":[{"href":"https:\/\/centers.ulbsibiu.ro\/ccsprise\/lact\/wp-json\/wp\/v2\/media?parent=5339"}],"wp:term":[{"taxonomy":"category","embeddable":true,"href":"https:\/\/centers.ulbsibiu.ro\/ccsprise\/lact\/wp-json\/wp\/v2\/categories?post=5339"},{"taxonomy":"post_tag","embeddable":true,"href":"https:\/\/centers.ulbsibiu.ro\/ccsprise\/lact\/wp-json\/wp\/v2\/tags?post=5339"}],"curies":[{"name":"wp","href":"https:\/\/api.w.org\/{rel}","templated":true}]}}