{"id":5337,"date":"2018-09-10T20:25:18","date_gmt":"2018-09-10T18:25:18","guid":{"rendered":"https:\/\/centers.ulbsibiu.ro\/ccsprise\/lact\/?p=5337"},"modified":"2018-09-10T20:25:18","modified_gmt":"2018-09-10T18:25:18","slug":"gov-md-intrevederea-viceprim-ministrului-cristina-lesnic-cu-reprezentantul-special-al-presedintiei-in-exercitiu-al-osce-pentru-reglementarea-transnistreana-franco-frattini","status":"publish","type":"post","link":"https:\/\/centers.ulbsibiu.ro\/ccsprise\/lact\/gov-md-intrevederea-viceprim-ministrului-cristina-lesnic-cu-reprezentantul-special-al-presedintiei-in-exercitiu-al-osce-pentru-reglementarea-transnistreana-franco-frattini\/","title":{"rendered":"Gov.md &#8211; \u00centrevederea Viceprim-ministrului Cristina Lesnic cu Reprezentantul Special al Pre\u0219edin\u021biei \u00een exerci\u021biu al OSCE pentru reglementarea transnistrean\u0103 Franco Frattini"},"content":{"rendered":"<p>Viceprim<strong>&#8211;<\/strong>ministrul Cristina Lesnic s<strong>&#8211;<\/strong>a \u00eent\u00e2lnit ast\u0103zi cu Reprezentantul Special al Pre\u0219edin\u021biei \u00een exerci\u021biu al OSCE pentru reglementarea transnistrean\u0103 Franco Frattini. La \u00eentrevedere au participat noul \u015eef al Misiunii OSCE \u00een Moldova Claus Neukirch, consilierul Reprezentantului Special al Pre\u015fedin\u0163iei \u00een exerci\u0163iu al OSCE Alfredo Conte \u0219i Ambasadoarea Italiei \u00een Republica Moldova Valeria Biagiotti.<\/p>\n<p>\u00cen debutul \u0219edin\u021bei Viceprim-ministru Cristina Lesnic, a adus mul\u021bumiri oficialului \u00eenalt pentru vizita \u00eentreprins\u0103, precum \u0219i pentru sprijinul acordat \u00een procesul de negocieri ce vizeaz\u0103 problematica reglement\u0103rii conflictului transnistrean.<\/p>\n<p>La r\u00e2ndul s\u0103u,\u00a0 Reprezentantul Special al Pre\u0219edin\u021biei \u00een exerci\u021biu al OSCE pentru reglementarea transnistrean\u0103 Franco Frattini a remarcat reu\u0219itele semnificative \u00eenregistrate \u00een procesul reglement\u0103rii conflictului transnistrean<strong>, <\/strong>\u00een special \u00een ultimele luni.<\/p>\n<p>\u00cen continuarea dialogului, \u00eenaltul oficial a remarcat c\u0103, urm\u0103toarea reuniunea \u00een formatul ,,5+2\u201d, poate fi organizat\u0103 doar \u00een temeiul existen\u021bei rezultatelor semnificative \u00a0\u00een procesul de negocieri.<\/p>\n<p>\u00cen contextul discu\u021biilor purtate au fost trecute \u00een revist\u0103 ultimele evolu\u021bii \u00eenregistrate \u00een procesul de negocieri privind reglementarea conflictului transnistrean \u015fi anume gradul de realizare a subiectelor de pe ordinea de zi din a\u0219a-numitul pachet \u201eBerlin plus\u201d. \u00cen context, Viceprim-ministrul Cristina Lesnic a men\u021bionat urm\u0103toarele.<\/p>\n<p>Referitor la subiectul apostil\u0103rii actelor de studii din regiunea transnistrean\u0103 s-a precizat c\u0103, mecanismul convenit este \u00een totalitate func\u021bional, la moment fiind apostilate 116 de diplome de studii din cadrul Universit\u0103\u0163ii \u201cTaras \u0218evcenco\u201d din or. Tiraspol.<\/p>\n<p>Pe marginea subiectului referitor la solu\u021bionarea dificult\u0103\u021bilor \u00eent\u00e2mpinate de \u0219colile moldovene\u0219ti cu predare \u00een grafia latin\u0103 s-a men\u021bionat c\u0103, de\u0219i sunt \u00eenregistrate progresele vizibile \u00een implementarea deciziei protocolare semnate \u00een acest sens, cum ar fi reducerea pl\u0103\u021bii pentru chirie, totu\u0219i este necesar de rezolvat aspectele ce \u021bin de libera circula\u021bie a elevilor \u0219i profesorilor.<\/p>\n<p>Vis-\u00e0-vis de problema privind asigurarea accesului fermierilor din r-nul Dub\u0103sari la terenurile agricole aflate dup\u0103 traseul Tiraspol &#8211; Camenca s-a semnalat c\u0103 \u00een conformitate cu prevederile Deciziei protocolare \u201eCu privire la unele m\u0103suri de reglementare a problemelor legate de realizarea Mecanismului din anul 2006 referitor la utilizarea terenurilor agricole, amplasate \u00een r. Dub\u0103sari, dup\u0103 traseul Tiraspol &#8211; Camenca\u201d, din 25 noiembrie 2017 \u0219i \u00een corespundere cu prevederile pct. 6 din Protocolul \u0219edin\u021bei formatului de negocieri ,,5+2\u201d, \u00a0de la Roma din 29-30 mai 2018, \u00eencep\u00e2nd cu 1 august 2018 a fost restabilit Mecanismul din anul 2006.<\/p>\n<p>Not\u0103m c\u0103, gra\u021bie eforturilor depuse de partea moldoveneasc\u0103 \u00een procesul de negocieri, s-a reu\u0219it extinderea termenului de acces de la 1 an la 20 de ani pentru a asigura o durabilitate a procesului \u0219i o sustenabilitate a investi\u021biilor.<\/p>\n<p>In ceea ce prive\u0219te procesul de organizare a interac\u021biunii \u00een domeniul telecomunica\u021biilor, s-a notificat c\u0103, \u00een domeniul \u00een cauz\u0103 sunt organizate reuniuni constante \u00een cadrul c\u0103rora sunt discutate solu\u021biile comprehensive \u00eentru solu\u021bionarea disensiunilor existente.<\/p>\n<p>Reamintim c\u0103, conform prevederilor Protocolului \u0219edin\u021bei oficiale a \u201eConferin\u021bei permanente pe probleme politice \u00een procesul de reglementare transnistrean\u0103\u201d, care a avut loc la Roma, Italia, \u00een perioada 29 &#8211; 30 mai 2018, la data de 28 iunie curent a fost semnat, la nivelul coordonatorilor grupurilor de lucru, Road-map-ul privind implementarea prevederilor Deciziei protocolare \u201eCu privire la organizarea interac\u021biunii \u00een domeniul telecomunica\u021biilor\u201d din 25 noiembrie 2017.<\/p>\n<p>Nu a r\u0103mas f\u0103r\u0103 aten\u021bia \u00eenaltului oficial \u0219i subiectul privind identificarea unui mecanism de asigurare a accesului autovehiculelor din regiunea transnistrean\u0103 \u00een traficul rutier interna\u021bional prin lansarea acestuia \u00een regim de testare din 1 septembrie curent, \u00een corespundere cu prevederile deciziei protocolare semnate la 24 aprilie 2018.<\/p>\n<p>Specific\u0103m c\u0103, recent au fost deschise punctele de \u00eenmatriculare a mijloacelor de transport din regiunea transnistrean\u0103 \u00een or. Tiraspol \u0219i R\u00e2bni\u021ba, iar beneficiarii acestui mecanism sunt persoanele fizice precum \u0219i persoanele juridice, care nu desf\u0103\u0219oar\u0103 activitate comercial\u0103 \u0219i sunt \u00eenregistra\u021bi la Agen\u021bia Servicii Publice, inclusiv prin cumul cu alte condi\u021bii obligatorii pentru ambele categorii.<\/p>\n<p>Totodat\u0103, Vicepremierul a specificat c\u0103, pe dimensiunea subiectului drepturilor omului \u00een regiunea transnistrean\u0103 deja au avut loc dou\u0103 \u0219edin\u021be a grupurilor\u00a0 de lucru privind drepturile omului, precum \u0219i a fost stabilit\u0103 agend\u0103 de lucru care con\u021bine: protec\u021bia persoanelor cu dizabilit\u0103\u021bi; protec\u021bia drepturilor copiilor afla\u021bi \u00een situa\u021bii de risc, repatrierea copiilor victime ale traficului, prevenirea violen\u021bei \u00een mediul Internet; prevenirea \u0219i combaterea violen\u021bei domestice; protec\u021bia persoanelor care tr\u0103iesc cu HIV\/SIDA \u00eempotriva ac\u021biunilor de discriminare\/segregare \u0219i resocializarea acestora.<\/p>\n<p>De asemenea, \u00een cadrul \u0219edin\u021bei a fost abordat\u0103 \u015fi situa\u021bia din Zona de Securitate, precum \u0219i evenimentele recente ce au avut loc \u00een perimetrul acesteia.<\/p>\n<p>Noul \u0218ef al Misiunii OSCE \u00een Moldova Claus Neukirch, prezent la \u0219edin\u021b\u0103, a remarcat c\u0103 va \u00eentreprinde m\u0103surile necesare pentru continuarea dialogului pozitiv existent.<\/p>\n<p>\u00cen \u00eencheierea \u00eentrunirii, Viceprim-ministrul Cristina Lesnic a mul\u021bumit oficialului pentru vizita \u00eentreprins\u0103 specific\u00e2nd c\u0103 Chi\u0219in\u0103ul mizeaz\u0103 \u00een continuare pe suportul oferit \u00een contextul reglement\u0103rii problematicii transnistrene.<\/p>\n<p>Dup\u0103 cum s-a convenit, imediat dup\u0103 \u0219edin\u021b\u0103 oficialii au \u00eentreprins o vizit\u0103 \u00een or. Tiraspol, \u00een cadrul c\u0103reia domnul Franco Frattini s-a documentat la fa\u021ba locului cu ghi\u0219eele de \u00eenregistrare a mijloacelor de transport.<\/p>\n<p>Sursa:\u00a0<a href=\"https:\/\/gov.md\/ro\/content\/intrevederea-viceprim-ministrului-cristina-lesnic-cu-reprezentantul-special-al-0\">https:\/\/gov.md\/<\/a><\/p>\n","protected":false},"excerpt":{"rendered":"<p>Viceprim&#8211;ministrul Cristina Lesnic s&#8211;a \u00eent\u00e2lnit ast\u0103zi cu Reprezentantul Special al Pre\u0219edin\u021biei \u00een exerci\u021biu al OSCE pentru reglementarea transnistrean\u0103 Franco Frattini. La \u00eentrevedere au participat noul \u015eef al Misiunii OSCE \u00een Moldova Claus Neukirch, consilierul Reprezentantului Special al Pre\u015fedin\u0163iei \u00een exerci\u0163iu al OSCE Alfredo Conte \u0219i Ambasadoarea Italiei \u00een Republica Moldova Valeria Biagiotti. \u00cen debutul \u0219edin\u021bei&#8230;<\/p>\n","protected":false},"author":2,"featured_media":0,"comment_status":"closed","ping_status":"open","sticky":false,"template":"","format":"standard","meta":[],"categories":[1],"tags":[],"_links":{"self":[{"href":"https:\/\/centers.ulbsibiu.ro\/ccsprise\/lact\/wp-json\/wp\/v2\/posts\/5337"}],"collection":[{"href":"https:\/\/centers.ulbsibiu.ro\/ccsprise\/lact\/wp-json\/wp\/v2\/posts"}],"about":[{"href":"https:\/\/centers.ulbsibiu.ro\/ccsprise\/lact\/wp-json\/wp\/v2\/types\/post"}],"author":[{"embeddable":true,"href":"https:\/\/centers.ulbsibiu.ro\/ccsprise\/lact\/wp-json\/wp\/v2\/users\/2"}],"replies":[{"embeddable":true,"href":"https:\/\/centers.ulbsibiu.ro\/ccsprise\/lact\/wp-json\/wp\/v2\/comments?post=5337"}],"version-history":[{"count":1,"href":"https:\/\/centers.ulbsibiu.ro\/ccsprise\/lact\/wp-json\/wp\/v2\/posts\/5337\/revisions"}],"predecessor-version":[{"id":5338,"href":"https:\/\/centers.ulbsibiu.ro\/ccsprise\/lact\/wp-json\/wp\/v2\/posts\/5337\/revisions\/5338"}],"wp:attachment":[{"href":"https:\/\/centers.ulbsibiu.ro\/ccsprise\/lact\/wp-json\/wp\/v2\/media?parent=5337"}],"wp:term":[{"taxonomy":"category","embeddable":true,"href":"https:\/\/centers.ulbsibiu.ro\/ccsprise\/lact\/wp-json\/wp\/v2\/categories?post=5337"},{"taxonomy":"post_tag","embeddable":true,"href":"https:\/\/centers.ulbsibiu.ro\/ccsprise\/lact\/wp-json\/wp\/v2\/tags?post=5337"}],"curies":[{"name":"wp","href":"https:\/\/api.w.org\/{rel}","templated":true}]}}