{"id":5335,"date":"2018-09-10T20:22:16","date_gmt":"2018-09-10T18:22:16","guid":{"rendered":"https:\/\/centers.ulbsibiu.ro\/ccsprise\/lact\/?p=5335"},"modified":"2018-09-10T20:22:16","modified_gmt":"2018-09-10T18:22:16","slug":"publika-md-veste-buna-la-tiraspol-au-fost-inmanate-primele-placute-de-inmatriculare-cu-design-neutru","status":"publish","type":"post","link":"https:\/\/centers.ulbsibiu.ro\/ccsprise\/lact\/publika-md-veste-buna-la-tiraspol-au-fost-inmanate-primele-placute-de-inmatriculare-cu-design-neutru\/","title":{"rendered":"Publika.md &#8211; VESTE BUN\u0102. La Tiraspol au fost \u00eenm\u00e2nate PRIMELE pl\u0103cu\u021be de \u00eenmatriculare cu DESIGN NEUTRU"},"content":{"rendered":"<p><strong>Primele pl\u0103cu\u021be neutre de \u00eenmatriculare pentru \u0219oferii din st\u00e2nga Nistrului au fost eliberate deja, la o s\u0103pt\u0103m\u00e2na de la lansarea \u00een regiune a birourilor speciale. Numerele au fost \u00eenm\u00e2nate de reprezentantul special al OSCE \u00een procesul de reglementare transnistrean\u0103, Franco Frattini, care a mers la oficiul de la Tiraspol.<\/strong><\/p>\n<p>&#8220;Vom putea c\u0103l\u0103tori peste hotare. Eu visez s\u0103 ajung \u00een Grecia unde am locuit c\u00e2ndva.&#8221;<\/p>\n<p>Pl\u0103cu\u021bele neutre con\u021bin c\u00e2te trei litere \u0219i cifre. Odat\u0103 cu ele, proprietarii ma\u015finilor ob\u021bin \u0219i un pa\u0219aport tehnic, iar pe vehicul va trebui aplicat \u015fi stickerul cu simbolul &#8220;MD&#8221;. <strong>Locuitorii din st\u00e2nga Nistrului sus\u0163in c\u0103 ini\u0163iativa este benefic\u0103 at\u00e2t cet\u0103\u0163enilor de r\u00e2nd, c\u00e2t \u015fi pentru dezvoltarea afacerilor.<\/strong><\/p>\n<p>&#8220;Scopul nostru este s\u0103 vizit\u0103m expozi\u021biile \u0219i t\u00e2rgurile interna\u021bionale, iar acest transport va fi foarte comod, pentru c\u0103 administra\u021bia firmei noastre \u0219i speciali\u0219tii no\u0219tri vor putea vizita alte \u021b\u0103ri.&#8221;<\/p>\n<p>&#8220;Ne vom odihni, vom pleca \u00een c\u0103l\u0103torii. &#8211; Anterior nu putea\u021bi? &#8211; Nu, pentru c\u0103 aveam numere transnistrene.&#8221;<\/p>\n<p>&#8220;La momentul actual capacitatea care a fost stabilit\u0103 pentru prima perioad\u0103 are un r\u00e2nd electronic p\u00e2n\u0103 \u00een luna iulie anul viitor. Noi ne g\u00e2ndim la o posibilitate de a m\u0103ri capacitatea func\u021bionarilor care vor fi \u00een ghi\u0219ee, dar cu condi\u021bia s\u0103 respect\u0103m toate procedurile&#8221;, a spus Cristina Lesnic, vicepremierul pentru Reintegrare.<\/p>\n<p>&#8220;Mecanismul a fost creat nu pentru a aduce bani \u00een buget, dar pentru a permite cet\u0103\u021benilor s\u0103 circule liber. Aceasta este pozi\u021bia principial\u0103 a administra\u0163iei din regiune&#8221;, a afirmat\u00a0Vitali Ignatiev, reprezentantul politic al Tiraspolului.<\/p>\n<p><strong>Reprezentantul OSCE \u00een procesul de reglementare transnistrean\u0103, Franco Frattini, a declarat c\u0103 aceste birouri reprezint\u0103 o confirmare c\u0103 at\u00e2t Chi\u0219in\u0103ul, c\u00e2t \u0219i Tiraspolul au voin\u021b\u0103 politic\u0103 pentru a progresa \u00een solu\u0163ionarea conflictului.<\/strong><\/p>\n<p>&#8220;Acesta este rezultatul unor luni \u00eentregi de discu\u021bii, cooper\u0103ri \u0219i \u00eentrevederi tehnice. \u00cen primul r\u00e2nd a\u0219 men\u021biona buna \u00een\u021belegere pe care am reu\u0219it s\u0103 o construim \u00eentre cele dou\u0103 p\u0103r\u021bi&#8221;, a declarat\u00a0Franco Frattini, reprezentantul OSCE \u00een reglementarea transnistrean\u0103.<\/p>\n<p><strong>Birouri de \u00eenmatriculare a vehiculelor au fost deschise la Tiraspol \u0219i R\u00e2bni\u021ba. \u00cen prezent, ma\u015finile \u00eenmatriculate de autorit\u0103\u0163ile nerecunoscute de la Tiraspol pot circula, ca o excep\u0163ie, doar \u00een Ucraina \u015fi Rusia.<\/strong><\/p>\n<p>Cite\u0219te mai mult: <a href=\"https:\/\/www.publika.md\/veste-buna-la-tiraspol-au-fost-inmanate-primele-placute-de-inmatriculare-cu-design-neutru_3018317.html#ixzz5Qiyxh6DK\">https:\/\/www.publika.md\/veste-buna-la-tiraspol-au-fost-inmanate-primele-placute-de-inmatriculare-cu-design-neutru_3018317.html#ixzz5Qiyxh6DK<\/a><\/p>\n","protected":false},"excerpt":{"rendered":"<p>Primele pl\u0103cu\u021be neutre de \u00eenmatriculare pentru \u0219oferii din st\u00e2nga Nistrului au fost eliberate deja, la o s\u0103pt\u0103m\u00e2na de la lansarea \u00een regiune a birourilor speciale. Numerele au fost \u00eenm\u00e2nate de reprezentantul special al OSCE \u00een procesul de reglementare transnistrean\u0103, Franco Frattini, care a mers la oficiul de la Tiraspol. &#8220;Vom putea c\u0103l\u0103tori peste hotare. Eu&#8230;<\/p>\n","protected":false},"author":2,"featured_media":0,"comment_status":"closed","ping_status":"open","sticky":false,"template":"","format":"standard","meta":[],"categories":[1],"tags":[],"_links":{"self":[{"href":"https:\/\/centers.ulbsibiu.ro\/ccsprise\/lact\/wp-json\/wp\/v2\/posts\/5335"}],"collection":[{"href":"https:\/\/centers.ulbsibiu.ro\/ccsprise\/lact\/wp-json\/wp\/v2\/posts"}],"about":[{"href":"https:\/\/centers.ulbsibiu.ro\/ccsprise\/lact\/wp-json\/wp\/v2\/types\/post"}],"author":[{"embeddable":true,"href":"https:\/\/centers.ulbsibiu.ro\/ccsprise\/lact\/wp-json\/wp\/v2\/users\/2"}],"replies":[{"embeddable":true,"href":"https:\/\/centers.ulbsibiu.ro\/ccsprise\/lact\/wp-json\/wp\/v2\/comments?post=5335"}],"version-history":[{"count":1,"href":"https:\/\/centers.ulbsibiu.ro\/ccsprise\/lact\/wp-json\/wp\/v2\/posts\/5335\/revisions"}],"predecessor-version":[{"id":5336,"href":"https:\/\/centers.ulbsibiu.ro\/ccsprise\/lact\/wp-json\/wp\/v2\/posts\/5335\/revisions\/5336"}],"wp:attachment":[{"href":"https:\/\/centers.ulbsibiu.ro\/ccsprise\/lact\/wp-json\/wp\/v2\/media?parent=5335"}],"wp:term":[{"taxonomy":"category","embeddable":true,"href":"https:\/\/centers.ulbsibiu.ro\/ccsprise\/lact\/wp-json\/wp\/v2\/categories?post=5335"},{"taxonomy":"post_tag","embeddable":true,"href":"https:\/\/centers.ulbsibiu.ro\/ccsprise\/lact\/wp-json\/wp\/v2\/tags?post=5335"}],"curies":[{"name":"wp","href":"https:\/\/api.w.org\/{rel}","templated":true}]}}