{"id":5333,"date":"2018-09-07T18:12:27","date_gmt":"2018-09-07T16:12:27","guid":{"rendered":"https:\/\/centers.ulbsibiu.ro\/ccsprise\/lact\/?p=5333"},"modified":"2018-09-07T18:12:27","modified_gmt":"2018-09-07T16:12:27","slug":"gov-md-la-chisinau-a-avut-loc-intrevederea-reprezentantilor-politici-in-procesul-de-negocieri-pentru-reglementarea-transnistreana","status":"publish","type":"post","link":"https:\/\/centers.ulbsibiu.ro\/ccsprise\/lact\/gov-md-la-chisinau-a-avut-loc-intrevederea-reprezentantilor-politici-in-procesul-de-negocieri-pentru-reglementarea-transnistreana\/","title":{"rendered":"Gov.md &#8211; La Chi\u0219in\u0103u a avut loc \u00eentrevederea reprezentan\u021bilor politici \u00een procesul de negocieri pentru reglementarea transnistrean\u0103"},"content":{"rendered":"<p>Reprezentan\u021bii politici \u00een procesul de negocieri pentru reglementarea transnistrean\u0103 Cristina Lesnic \u015fi Vitalii Ignatiev s-au \u00eentrunit la 07 septembrie curent, la sediul Misiunii OSCE din or. Chi\u0219in\u0103u. La \u0219edin\u021b\u0103 au participat grupurile de lucru pentru dezvoltarea transportului auto \u0219i infrastructurii drumurilor, precum \u0219i reprezentan\u021bii mediatorilor \u015fi ai observatorilor din cadrul formatului de negocieri \u201e5+2\u201d.<\/p>\n<p>Discu\u021biile s-au axat pe procesul de implementare a prevederilor Deciziei protocolare \u201ePrivind accesul \u00een traficul rutier interna\u021bional a mijloacelor de transport din regiunea transnistrean\u0103, care nu desf\u0103\u0219oar\u0103 activit\u0103\u021bi comerciale\u201d din 24 aprilie 2018, \u00een contextul lans\u0103rii, la 1 septembrie 2018, \u00een regim de testare a punctelor de \u00eenmatriculare a mijloacelor de transport \u00een or. Tiraspol \u0219i R\u00e2bni\u021ba.<\/p>\n<p>Totodat\u0103, \u00een cadrul \u0219edin\u021bei a fost abordat \u0219i subiectul liberei circula\u021bii \u00eentre ambele maluri ale Nistrului.<\/p>\n<p>Sursa:\u00a0<a href=\"https:\/\/gov.md\/ro\/content\/la-chisinau-avut-loc-intrevederea-reprezentantilor-politici-procesul-de-negocieri-pentru-2\">https:\/\/gov.md\/<\/a><\/p>\n","protected":false},"excerpt":{"rendered":"<p>Reprezentan\u021bii politici \u00een procesul de negocieri pentru reglementarea transnistrean\u0103 Cristina Lesnic \u015fi Vitalii Ignatiev s-au \u00eentrunit la 07 septembrie curent, la sediul Misiunii OSCE din or. Chi\u0219in\u0103u. La \u0219edin\u021b\u0103 au participat grupurile de lucru pentru dezvoltarea transportului auto \u0219i infrastructurii drumurilor, precum \u0219i reprezentan\u021bii mediatorilor \u015fi ai observatorilor din cadrul formatului de negocieri \u201e5+2\u201d. Discu\u021biile&#8230;<\/p>\n","protected":false},"author":2,"featured_media":0,"comment_status":"closed","ping_status":"open","sticky":false,"template":"","format":"standard","meta":[],"categories":[1],"tags":[],"_links":{"self":[{"href":"https:\/\/centers.ulbsibiu.ro\/ccsprise\/lact\/wp-json\/wp\/v2\/posts\/5333"}],"collection":[{"href":"https:\/\/centers.ulbsibiu.ro\/ccsprise\/lact\/wp-json\/wp\/v2\/posts"}],"about":[{"href":"https:\/\/centers.ulbsibiu.ro\/ccsprise\/lact\/wp-json\/wp\/v2\/types\/post"}],"author":[{"embeddable":true,"href":"https:\/\/centers.ulbsibiu.ro\/ccsprise\/lact\/wp-json\/wp\/v2\/users\/2"}],"replies":[{"embeddable":true,"href":"https:\/\/centers.ulbsibiu.ro\/ccsprise\/lact\/wp-json\/wp\/v2\/comments?post=5333"}],"version-history":[{"count":1,"href":"https:\/\/centers.ulbsibiu.ro\/ccsprise\/lact\/wp-json\/wp\/v2\/posts\/5333\/revisions"}],"predecessor-version":[{"id":5334,"href":"https:\/\/centers.ulbsibiu.ro\/ccsprise\/lact\/wp-json\/wp\/v2\/posts\/5333\/revisions\/5334"}],"wp:attachment":[{"href":"https:\/\/centers.ulbsibiu.ro\/ccsprise\/lact\/wp-json\/wp\/v2\/media?parent=5333"}],"wp:term":[{"taxonomy":"category","embeddable":true,"href":"https:\/\/centers.ulbsibiu.ro\/ccsprise\/lact\/wp-json\/wp\/v2\/categories?post=5333"},{"taxonomy":"post_tag","embeddable":true,"href":"https:\/\/centers.ulbsibiu.ro\/ccsprise\/lact\/wp-json\/wp\/v2\/tags?post=5333"}],"curies":[{"name":"wp","href":"https:\/\/api.w.org\/{rel}","templated":true}]}}