{"id":5327,"date":"2018-09-07T15:35:11","date_gmt":"2018-09-07T13:35:11","guid":{"rendered":"https:\/\/centers.ulbsibiu.ro\/ccsprise\/lact\/?p=5327"},"modified":"2018-09-07T15:35:11","modified_gmt":"2018-09-07T13:35:11","slug":"adevarul-ro-sergiu-mocanu-dodon-s-a-inteles-cu-krasnoselskii-in-privinta-a-10-milioane-de-euro-care-ar-urma-sa-i-vina-prin-transnistria-pentru-campania-electorala","status":"publish","type":"post","link":"https:\/\/centers.ulbsibiu.ro\/ccsprise\/lact\/adevarul-ro-sergiu-mocanu-dodon-s-a-inteles-cu-krasnoselskii-in-privinta-a-10-milioane-de-euro-care-ar-urma-sa-i-vina-prin-transnistria-pentru-campania-electorala\/","title":{"rendered":"Adev\u0103rul.ro &#8211; Sergiu Mocanu: Dodon s-a \u00een\u0163eles cu Krasnoselskii \u00een privin\u0163a a 10 milioane de euro care ar urma s\u0103-i vina prin Transnistria pentru campania electoral\u0103"},"content":{"rendered":"<p>de Iurii Botnarenco<\/p>\n<p>Liderul Partidului Mi\u015fcarea Popular\u0103 Antimafie, Sergiu Mocanu, sus\u0163ine c\u0103 \u00een spatele \u00eentrevederii dintre pre\u015fedintele Igor Dodon \u015fi liderul de la Tiraspol, Vadim Krasnoselskii, care a avut loc joi, 6 septembrie, la Condri\u0163a, au fost alte obiective dec\u00e2t cele anun\u0163ate oficial.<br \/>\nSergiu Mocanu afirm\u0103 c\u0103 Igor Dodon ar fi negociat cu Vadim Krasnoselskii posibilitatea ca prin Transnistria la Chi\u015fin\u0103u s\u0103 ajung\u0103 10 milioane de euro, bani pe care \u015feful statului i-ar fi ob\u0163inut \u00een urma unei tranzac\u0163ii la Moldova Gaz, pe care ar fi avut-o cu Vlad Plahotniuc atunci c\u00e2nd l-a ajutat pe liderul PDM, prin negocieri cu \u015feful Gazprom din Rusia, s\u0103-l aduc\u0103 la \u015fefia Moldova Gaz pe un apropiat de-al lui Plahotniuc, Vladimir Botnari, actualul \u015fef al Serviciului Informa\u0163ii \u015fi Securitate.\u201ePre\u015fedin\u0163ia nu se repar\u0103 pe bani turce\u015fti, dar pe bani de la Moldova Gaz. Ieri, c\u00e2nd ei au f\u0103cut acest spectacol cu expulzarea a \u015fapte cet\u0103\u0163eni turci, Dodon st\u0103tea cu pre\u015fedintele a\u015fa-zisei republici transnistrene la sfat la Condri\u0163a. Acolo s-a \u00een\u0163eles ca 10 milioane de euro care \u00eei trebuie lui \u00een campania electoral\u0103 pentru februarie, s\u0103-i vin\u0103 cash prin Transnistria. Sigur c\u0103 toate au loc sub controlul lui Plahotniuc\u201d, a declarat Sergiu Mocanu \u00eentr-o postare video pe Facebook.Liderul Antimafie a mai subliniat c\u0103 alegerile parlamentare din 2019 \u00eei apar\u0163in \u201esut\u0103 la sut\u0103 lui Plahotniuc, a\u015fa cum apar\u0163ine lui Plahotniuc \u015fi aceast\u0103 mare resurs\u0103 &#8211; electoratul sociali\u015ftilor \u015fi cum \u00eei apar\u0163ine lui Plahotniuc cu tot cu ce este el &#8211; Dodon\u201d.<\/p>\n<p>Sursa:\u00a0<a href=\"https:\/\/adevarul.ro\/moldova\/politica\/video-sergiu-mocanu-dodon-s-a-inteles-krasnoselskii-privinta-10-milioane-euro-urma-sa-i-vina-transnistria-campania-electorala-1_5b922105df52022f7533d2a1\/index.html\">https:\/\/adevarul.ro\/<\/a><\/p>\n","protected":false},"excerpt":{"rendered":"<p>de Iurii Botnarenco Liderul Partidului Mi\u015fcarea Popular\u0103 Antimafie, Sergiu Mocanu, sus\u0163ine c\u0103 \u00een spatele \u00eentrevederii dintre pre\u015fedintele Igor Dodon \u015fi liderul de la Tiraspol, Vadim Krasnoselskii, care a avut loc joi, 6 septembrie, la Condri\u0163a, au fost alte obiective dec\u00e2t cele anun\u0163ate oficial. Sergiu Mocanu afirm\u0103 c\u0103 Igor Dodon ar fi negociat cu Vadim Krasnoselskii&#8230;<\/p>\n","protected":false},"author":2,"featured_media":0,"comment_status":"closed","ping_status":"open","sticky":false,"template":"","format":"standard","meta":[],"categories":[1],"tags":[],"_links":{"self":[{"href":"https:\/\/centers.ulbsibiu.ro\/ccsprise\/lact\/wp-json\/wp\/v2\/posts\/5327"}],"collection":[{"href":"https:\/\/centers.ulbsibiu.ro\/ccsprise\/lact\/wp-json\/wp\/v2\/posts"}],"about":[{"href":"https:\/\/centers.ulbsibiu.ro\/ccsprise\/lact\/wp-json\/wp\/v2\/types\/post"}],"author":[{"embeddable":true,"href":"https:\/\/centers.ulbsibiu.ro\/ccsprise\/lact\/wp-json\/wp\/v2\/users\/2"}],"replies":[{"embeddable":true,"href":"https:\/\/centers.ulbsibiu.ro\/ccsprise\/lact\/wp-json\/wp\/v2\/comments?post=5327"}],"version-history":[{"count":1,"href":"https:\/\/centers.ulbsibiu.ro\/ccsprise\/lact\/wp-json\/wp\/v2\/posts\/5327\/revisions"}],"predecessor-version":[{"id":5328,"href":"https:\/\/centers.ulbsibiu.ro\/ccsprise\/lact\/wp-json\/wp\/v2\/posts\/5327\/revisions\/5328"}],"wp:attachment":[{"href":"https:\/\/centers.ulbsibiu.ro\/ccsprise\/lact\/wp-json\/wp\/v2\/media?parent=5327"}],"wp:term":[{"taxonomy":"category","embeddable":true,"href":"https:\/\/centers.ulbsibiu.ro\/ccsprise\/lact\/wp-json\/wp\/v2\/categories?post=5327"},{"taxonomy":"post_tag","embeddable":true,"href":"https:\/\/centers.ulbsibiu.ro\/ccsprise\/lact\/wp-json\/wp\/v2\/tags?post=5327"}],"curies":[{"name":"wp","href":"https:\/\/api.w.org\/{rel}","templated":true}]}}