{"id":5323,"date":"2018-09-07T07:39:00","date_gmt":"2018-09-07T05:39:00","guid":{"rendered":"https:\/\/centers.ulbsibiu.ro\/ccsprise\/lact\/?p=5323"},"modified":"2018-09-07T07:39:00","modified_gmt":"2018-09-07T05:39:00","slug":"deschide-md-dodon-tace-krasnoselski-vorbeste-ce-difuzeaza-tiraspolul-despre-intalnirea-celor-doi","status":"publish","type":"post","link":"https:\/\/centers.ulbsibiu.ro\/ccsprise\/lact\/deschide-md-dodon-tace-krasnoselski-vorbeste-ce-difuzeaza-tiraspolul-despre-intalnirea-celor-doi\/","title":{"rendered":"Deschide.md &#8211; Dodon tace, Krasnoselski vorbe\u0219te. Ce difuzeaz\u0103 Tiraspolul despre \u00eent\u00e2lnirea celor doi"},"content":{"rendered":"<p>\u00cen timp ce serviciul de presa a asa numitului lider de la Tiraspol, Krasnoselski, a dat deja dou\u0103 comunicate despre intrevederea acestuia cu Dodon, cu poze si multe detalii, pre\u0219edin\u021bia R Moldova nu a difuzat nicio informa\u021bie despre \u00eentrevederea de la Condri\u021ba.<\/p>\n<p>UPDATE (ORA 15:40) : \u00centrevederea dintre cei doi s-a \u00eencheiat. Igor Dodon a f\u0103cut o postare pe pagina de Facebook despre \u00eent\u00e2lnirea cu Krasnoselski de la Condri\u021ba, \u00een care anun\u021b\u0103 temele \u0219i rezultatele discu\u021biilor.<\/p>\n<p>\u0218tirea ini\u021bial\u0103:<\/p>\n<p>Comunicatele separati\u0219tilor de la Tiraspol au fost difuzate \u00een timp real, Serviciul de pres\u0103 al liderului transnistrean inform\u00e2nd despre cine a participat la \u00eent\u00e2lnire \u0219i oferind detalii despre subiectele discutate.<\/p>\n<p>Cei doi s-au \u00eent\u00e2lnit \u00een re\u0219edin\u021ba \u0219efului statului la Condri\u021ba. Serviciul de pres\u0103 al separatistului principal din Tiraspol a emis un comunicat \u00een care spune c\u0103 Dodon \u0219i Krasnoselski au discutat tete-a-tete timp de o or\u0103 apoi la masa de discu\u021bii au venit \u0219i reprezentan\u021bii delega\u021biilor.<\/p>\n<p>Krasnoselski a venit \u00eenso\u021bit de \u0219eful a\u0219a-zisei administra\u021bii preziden\u021biale, Serghei Belous, \u201eministrul economiei\u201d, Serghei Obolonik, \u201eministrul de externe\u201d, Vitali Ignatiev \u0219i \u201eviceministrul de interne\u201d, Ruslan Slobodeniuk. Delega\u021bia pre\u0219edintelui este format\u0103 din conslierii, Pavel Voicu, Elena Gorelova, Vasilie \u0218ova \u0219i Nicolae \u021aveatcov.<\/p>\n<p>Potrivit separati\u0219tilor, Dodon a salutat \u201edelega\u021bia transnistrean\u0103 pe p\u0103m\u00e2nt moldovenesc\u201d \u0219i a spus c\u0103 este prima vizit\u0103 a unor reprezentan\u021bi din st\u00e2nga Nistrului \u00een re\u0219edin\u021ba \u0219efului statului Republica Moldova.<\/p>\n<p>Potrivit aceluia\u0219i comunicat, Igor Dodon a subliniat c\u0103 rela\u021biile dintre Chi\u0219in\u0103u \u0219i Tiraspol permit rezolvarea problemelor popula\u021biei de pe cele dou\u0103 maluri ale Nistrului.<\/p>\n<p>Textul complet:\u00a0<a href=\"https:\/\/deschide.md\/ro\/stiri\/politic\/36301\/FOTO--VIDEO-Dodon-tace-Krasnoselski-vorbe\u0219te-Ce-difuzeaz\u0103-Tiraspolul-despre-\u00eent\u00e2lnirea-celor-doi.htm\">https:\/\/deschide.md\/<\/a><\/p>\n","protected":false},"excerpt":{"rendered":"<p>\u00cen timp ce serviciul de presa a asa numitului lider de la Tiraspol, Krasnoselski, a dat deja dou\u0103 comunicate despre intrevederea acestuia cu Dodon, cu poze si multe detalii, pre\u0219edin\u021bia R Moldova nu a difuzat nicio informa\u021bie despre \u00eentrevederea de la Condri\u021ba. UPDATE (ORA 15:40) : \u00centrevederea dintre cei doi s-a \u00eencheiat. Igor Dodon a&#8230;<\/p>\n","protected":false},"author":2,"featured_media":0,"comment_status":"closed","ping_status":"open","sticky":false,"template":"","format":"standard","meta":[],"categories":[1],"tags":[],"_links":{"self":[{"href":"https:\/\/centers.ulbsibiu.ro\/ccsprise\/lact\/wp-json\/wp\/v2\/posts\/5323"}],"collection":[{"href":"https:\/\/centers.ulbsibiu.ro\/ccsprise\/lact\/wp-json\/wp\/v2\/posts"}],"about":[{"href":"https:\/\/centers.ulbsibiu.ro\/ccsprise\/lact\/wp-json\/wp\/v2\/types\/post"}],"author":[{"embeddable":true,"href":"https:\/\/centers.ulbsibiu.ro\/ccsprise\/lact\/wp-json\/wp\/v2\/users\/2"}],"replies":[{"embeddable":true,"href":"https:\/\/centers.ulbsibiu.ro\/ccsprise\/lact\/wp-json\/wp\/v2\/comments?post=5323"}],"version-history":[{"count":1,"href":"https:\/\/centers.ulbsibiu.ro\/ccsprise\/lact\/wp-json\/wp\/v2\/posts\/5323\/revisions"}],"predecessor-version":[{"id":5324,"href":"https:\/\/centers.ulbsibiu.ro\/ccsprise\/lact\/wp-json\/wp\/v2\/posts\/5323\/revisions\/5324"}],"wp:attachment":[{"href":"https:\/\/centers.ulbsibiu.ro\/ccsprise\/lact\/wp-json\/wp\/v2\/media?parent=5323"}],"wp:term":[{"taxonomy":"category","embeddable":true,"href":"https:\/\/centers.ulbsibiu.ro\/ccsprise\/lact\/wp-json\/wp\/v2\/categories?post=5323"},{"taxonomy":"post_tag","embeddable":true,"href":"https:\/\/centers.ulbsibiu.ro\/ccsprise\/lact\/wp-json\/wp\/v2\/tags?post=5323"}],"curies":[{"name":"wp","href":"https:\/\/api.w.org\/{rel}","templated":true}]}}