{"id":5321,"date":"2018-09-07T07:36:38","date_gmt":"2018-09-07T05:36:38","guid":{"rendered":"https:\/\/centers.ulbsibiu.ro\/ccsprise\/lact\/?p=5321"},"modified":"2018-09-07T07:36:38","modified_gmt":"2018-09-07T05:36:38","slug":"ziarulnational-md-krasnoselski-ii-spune-nu-lui-dodon-nici-moldova-nici-transnistria-nici-partenerii-din-formatul-52-nu-sunt-gata-pentru-rezolvarea-politica-a-conflictului-trans","status":"publish","type":"post","link":"https:\/\/centers.ulbsibiu.ro\/ccsprise\/lact\/ziarulnational-md-krasnoselski-ii-spune-nu-lui-dodon-nici-moldova-nici-transnistria-nici-partenerii-din-formatul-52-nu-sunt-gata-pentru-rezolvarea-politica-a-conflictului-trans\/","title":{"rendered":"Ziarulnational.md &#8211; Krasnoselski \u00eei spune NU lui Dodon: \u201eNici Moldova, nici Transnistria, nici partenerii din formatul 5+2 nu sunt gata pentru rezolvarea politic\u0103\u201d a conflictului transnistrean"},"content":{"rendered":"<p><span style=\"display: inline !important; float: none; background-color: transparent; color: #383536; font-family: 'Open Sans',sans-serif; font-size: 16px; font-style: normal; font-variant: normal; font-weight: 400; letter-spacing: normal; orphans: 2; text-align: left; text-decoration: none; text-indent: 0px; text-transform: none; -webkit-text-stroke-width: 0px; white-space: normal; word-spacing: 0px;\">De\u0219i a vorbit \u00een repetate r\u00e2nduri despre rezolvarea conflictului transnistrean prin federalizare, pre\u0219edintele R. Moldova Igor Dodon a primit ast\u0103zi un refuz categoric din partea liderului separatist Vadim Krasnoselski, chiar la Re\u0219edin\u021ba de stat de la Condri\u021ba. <\/span><\/p>\n<p><span style=\"display: inline !important; float: none; background-color: transparent; color: #383536; font-family: 'Open Sans',sans-serif; font-size: 16px; font-style: normal; font-variant: normal; font-weight: 400; letter-spacing: normal; orphans: 2; text-align: left; text-decoration: none; text-indent: 0px; text-transform: none; -webkit-text-stroke-width: 0px; white-space: normal; word-spacing: 0px;\"> \u201eEu nu v\u0103d metode prin care s-ar ajunge la aceast\u0103 reglementare politic\u0103. De aceea propun s\u0103 rezolv\u0103m problemele sociale, umanitare, culturale economice. Pentru rezolvarea politic\u0103 a conflictului nu este nimeni preg\u0103tit, nici Moldova, nici Transnistria, nici partenerii din formatul 5+2. \u00cen realitate, eu nu v\u0103d nicio propunere, niciun mecanism care ar avea o \u00een\u021belegere clar\u0103 pentru rezolvarea politic\u0103 a problemei moldo-transnistrene. \u00cen Transnistria nu avem o problem\u0103 cu asta. Noi avem statutul nostru politic, independen\u021ba noastr\u0103, avem p\u0103rerea poporului care nu poate fi comb\u0103tut\u0103\u201d, a declarat Vasim Krasnoselski, dup\u0103 \u00eentrevederea de ast\u0103zi cu pre\u0219edintele Igor Dodon la Re\u0219edin\u021ba de Stat de la Condri\u021ba. <\/span><\/p>\n<p><span style=\"display: inline !important; float: none; background-color: transparent; color: #383536; font-family: 'Open Sans',sans-serif; font-size: 16px; font-style: normal; font-variant: normal; font-weight: 400; letter-spacing: normal; orphans: 2; text-align: left; text-decoration: none; text-indent: 0px; text-transform: none; -webkit-text-stroke-width: 0px; white-space: normal; word-spacing: 0px;\">\u00cen alt\u0103 ordine de idei, Krasnoselski a apreciat numirea lui Dmitri Kozak \u00een calitate de reprezentant special al pre\u0219edintelui rus pentru R. Moldova, afirm\u00e2nd c\u0103 acesta este \u201eun politician cu experien\u021b\u0103\u201d \u0219i cu \u201epoten\u021bial bogat\u201d. <\/span><\/p>\n<p><span style=\"display: inline !important; float: none; background-color: transparent; color: #383536; font-family: 'Open Sans',sans-serif; font-size: 16px; font-style: normal; font-variant: normal; font-weight: 400; letter-spacing: normal; orphans: 2; text-align: left; text-decoration: none; text-indent: 0px; text-transform: none; -webkit-text-stroke-width: 0px; white-space: normal; word-spacing: 0px;\"> Liderul separatist a opinat c\u0103 Dmitri Kozak va propune \u201eo cale\u201d similar\u0103 cu cea expus\u0103 de el \u00een rela\u021bia moldo-transnitrean\u0103, opt\u00e2nd pentru rezolvarea problemelor sociale \u0219i economice dintre cele dou\u0103 maluri ale Nistrului, nu pentru rezolvarea politic\u0103 a conflictului transnistrean. <\/span><\/p>\n<p>Sursa:\u00a0<a href=\"https:\/\/www.ziarulnational.md\/krasnoselski-ii-spune-nu-lui-dodon-nici-moldova-nici-transnistria-nici-partenerii-din-formatul-5-2-nu-sunt-gata-pentru-rezolvarea-politica-a-conflictului-transnistrean\/\">https:\/\/www.ziarulnational.md<\/a><\/p>\n","protected":false},"excerpt":{"rendered":"<p>De\u0219i a vorbit \u00een repetate r\u00e2nduri despre rezolvarea conflictului transnistrean prin federalizare, pre\u0219edintele R. Moldova Igor Dodon a primit ast\u0103zi un refuz categoric din partea liderului separatist Vadim Krasnoselski, chiar la Re\u0219edin\u021ba de stat de la Condri\u021ba. \u201eEu nu v\u0103d metode prin care s-ar ajunge la aceast\u0103 reglementare politic\u0103. De aceea propun s\u0103 rezolv\u0103m problemele&#8230;<\/p>\n","protected":false},"author":2,"featured_media":0,"comment_status":"closed","ping_status":"open","sticky":false,"template":"","format":"standard","meta":[],"categories":[1],"tags":[],"_links":{"self":[{"href":"https:\/\/centers.ulbsibiu.ro\/ccsprise\/lact\/wp-json\/wp\/v2\/posts\/5321"}],"collection":[{"href":"https:\/\/centers.ulbsibiu.ro\/ccsprise\/lact\/wp-json\/wp\/v2\/posts"}],"about":[{"href":"https:\/\/centers.ulbsibiu.ro\/ccsprise\/lact\/wp-json\/wp\/v2\/types\/post"}],"author":[{"embeddable":true,"href":"https:\/\/centers.ulbsibiu.ro\/ccsprise\/lact\/wp-json\/wp\/v2\/users\/2"}],"replies":[{"embeddable":true,"href":"https:\/\/centers.ulbsibiu.ro\/ccsprise\/lact\/wp-json\/wp\/v2\/comments?post=5321"}],"version-history":[{"count":1,"href":"https:\/\/centers.ulbsibiu.ro\/ccsprise\/lact\/wp-json\/wp\/v2\/posts\/5321\/revisions"}],"predecessor-version":[{"id":5322,"href":"https:\/\/centers.ulbsibiu.ro\/ccsprise\/lact\/wp-json\/wp\/v2\/posts\/5321\/revisions\/5322"}],"wp:attachment":[{"href":"https:\/\/centers.ulbsibiu.ro\/ccsprise\/lact\/wp-json\/wp\/v2\/media?parent=5321"}],"wp:term":[{"taxonomy":"category","embeddable":true,"href":"https:\/\/centers.ulbsibiu.ro\/ccsprise\/lact\/wp-json\/wp\/v2\/categories?post=5321"},{"taxonomy":"post_tag","embeddable":true,"href":"https:\/\/centers.ulbsibiu.ro\/ccsprise\/lact\/wp-json\/wp\/v2\/tags?post=5321"}],"curies":[{"name":"wp","href":"https:\/\/api.w.org\/{rel}","templated":true}]}}