{"id":5319,"date":"2018-09-07T07:34:26","date_gmt":"2018-09-07T05:34:26","guid":{"rendered":"https:\/\/centers.ulbsibiu.ro\/ccsprise\/lact\/?p=5319"},"modified":"2018-09-07T07:34:26","modified_gmt":"2018-09-07T05:34:26","slug":"gov-md-comisia-unificata-de-control-si-a-reluat-activitatea-dupa-vacanta-de-vara","status":"publish","type":"post","link":"https:\/\/centers.ulbsibiu.ro\/ccsprise\/lact\/gov-md-comisia-unificata-de-control-si-a-reluat-activitatea-dupa-vacanta-de-vara\/","title":{"rendered":"Gov.md &#8211; Comisia Unificat\u0103 de Control \u0219i-a reluat activitatea dup\u0103 vacan\u021ba de var\u0103"},"content":{"rendered":"<p>La 06 septembrie a.c., \u00een or. Bender, Comisia Unificat\u0103 de Control (CUC) a revenit la masa discu\u0163iilor marc\u00e2nd astfel \u00eenceputul unei noi sesiuni.<\/p>\n<p>\u00cen cadrul examin\u0103rii chestiunii organizatorice, la propunerea Delega\u021biei Federa\u021biei Ruse, a fost eliberat din func\u021bia de observator militar maiorul Alexei Abuneaev \u00een leg\u0103tur\u0103 cu \u00eencheierea deplas\u0103rii de serviciu. Reprezentan\u0163ii Misiunii OSCE \u00een Republica Moldova l-au prezentat pe dl Frankl Bernhard, consilier pe probleme militare \u0219i politice.<\/p>\n<p>Colonelul Vitalii Morozov, \u0219eful Statului Major al For\u021belor Mixte de Pacificare, a raportat situa\u021bia din Zona de Securitate, ca urmare a monitoriz\u0103rii acesteia de c\u0103tre Comandamentul Militar \u00centrunit (CM\u00ce) pe parcursul perioadei de 01 \u2013 07 august 2018.<\/p>\n<p>Delega\u021bia Republicii Moldova \u00een Comisie a difuzat o adresare <strong>(poate fi citit\u0103 mai jos)<\/strong> \u00een care pledeaz\u0103 pentru elaborarea unui nou mecanism de activitate a CM\u00ce, care s\u0103 asigure reac\u021bionarea operativ\u0103 a Misiunii de pacificare \u00een cazul ac\u021biunilor nelegitime desf\u0103\u0219urate \u00een Zona de Securitate de c\u0103tre structurile de for\u021b\u0103 \u0219i forma\u021biunile militare neatribuite For\u021belor de Men\u021binere a P\u0103cii.<\/p>\n<p>\u00cen aceea\u0219i ordine de idei \u0219i reprezentan\u0163ii Misiunii OSCE \u00een Moldova au oferit tuturor componentelor Comisiei informa\u021bia privind rezultatele monitoriz\u0103rii situa\u021biei \u00een Zona de Securitate pe perioada 14-15 august 2018. Concomitent, Misiunea OSCE a anun\u021bat c\u0103 inten\u021bioneaz\u0103 s\u0103 viziteze posturile de pacificare \u00een Zona de Securitate \u00een perioada 01-30 septembrie a.c.<\/p>\n<p>C\u00e2t prive\u0219te problema privind asigurarea securit\u0103\u021bii \u0219i liberei circula\u021bii \u00een preajma podului peste r\u00e2ul Nistru \u00eentre satele Gura B\u00e2cului \u0219i B\u00e2cioc, aceasta a fost examinat\u0103 \u00een cadrul celei de-a doua \u0219edin\u021be, neordinare, conduse de copre\u0219edintele CUC din partea Federa\u021biei Ruse, Ilia Uvarov. Discu\u021biile s-au axat pe propunerile de compromis ale delega\u021biei Federa\u021biei Ruse, prezentate la ultimile \u0219edin\u021be CUC, care prev\u0103d implementarea mecanismului de monitorizare \u0219i asigurare a liberei circula\u021bii pe podul nominalizat doar de c\u0103tre militarii For\u021belor Mixte de Pacificare \u00een comun cu angaja\u021bii Poli\u021biei \u0219i a\u0219a-numita \u201emili\u021bie transnistrean\u0103\u201d \u00een corespundere cu Acordul din 21 iulie 1992 \u0219i deciziile ulterioare ale CUC.<\/p>\n<p>Reprezentan\u021bii Tiraspolului \u0219i de aceast\u0103 dat\u0103 au respins categoric propunerile \u00een cauz\u0103 f\u0103r\u0103 argumente temeinice.<\/p>\n<p>Pozi\u021bia neconstructiv\u0103 \u0219i nedorin\u021ba delega\u021biei transnistrene de a identifica o solu\u021bie de compromis genereaz\u0103 blocarea \u00een continuare a activit\u0103\u021bii Comisiei Unificate de Control \u0219i submineaz\u0103 substan\u021bial eficien\u021ba Misiunii de pacificare \u00een regiunea transnistrean\u0103 a Republicii Moldova.<\/p>\n<p>Urm\u0103toarea \u0219edin\u021b\u0103 a CUC este preconizat\u0103 pentru 13 septembrie 2018.<\/p>\n<p>&nbsp;<\/p>\n<p><strong>Delega\u021bia Republicii Moldova \u00een CUC\u00a0<\/strong><\/p>\n<p>&nbsp;<\/p>\n<p>&nbsp;<\/p>\n<p>Sursa:\u00a0<a href=\"https:\/\/gov.md\/ro\/content\/comisia-unificata-de-control-si-reluat-activitatea-dupa-vacanta-de-vara\">https:\/\/gov.md\/<\/a><\/p>\n","protected":false},"excerpt":{"rendered":"<p>La 06 septembrie a.c., \u00een or. Bender, Comisia Unificat\u0103 de Control (CUC) a revenit la masa discu\u0163iilor marc\u00e2nd astfel \u00eenceputul unei noi sesiuni. \u00cen cadrul examin\u0103rii chestiunii organizatorice, la propunerea Delega\u021biei Federa\u021biei Ruse, a fost eliberat din func\u021bia de observator militar maiorul Alexei Abuneaev \u00een leg\u0103tur\u0103 cu \u00eencheierea deplas\u0103rii de serviciu. Reprezentan\u0163ii Misiunii OSCE \u00een&#8230;<\/p>\n","protected":false},"author":2,"featured_media":0,"comment_status":"closed","ping_status":"open","sticky":false,"template":"","format":"standard","meta":[],"categories":[1],"tags":[],"_links":{"self":[{"href":"https:\/\/centers.ulbsibiu.ro\/ccsprise\/lact\/wp-json\/wp\/v2\/posts\/5319"}],"collection":[{"href":"https:\/\/centers.ulbsibiu.ro\/ccsprise\/lact\/wp-json\/wp\/v2\/posts"}],"about":[{"href":"https:\/\/centers.ulbsibiu.ro\/ccsprise\/lact\/wp-json\/wp\/v2\/types\/post"}],"author":[{"embeddable":true,"href":"https:\/\/centers.ulbsibiu.ro\/ccsprise\/lact\/wp-json\/wp\/v2\/users\/2"}],"replies":[{"embeddable":true,"href":"https:\/\/centers.ulbsibiu.ro\/ccsprise\/lact\/wp-json\/wp\/v2\/comments?post=5319"}],"version-history":[{"count":1,"href":"https:\/\/centers.ulbsibiu.ro\/ccsprise\/lact\/wp-json\/wp\/v2\/posts\/5319\/revisions"}],"predecessor-version":[{"id":5320,"href":"https:\/\/centers.ulbsibiu.ro\/ccsprise\/lact\/wp-json\/wp\/v2\/posts\/5319\/revisions\/5320"}],"wp:attachment":[{"href":"https:\/\/centers.ulbsibiu.ro\/ccsprise\/lact\/wp-json\/wp\/v2\/media?parent=5319"}],"wp:term":[{"taxonomy":"category","embeddable":true,"href":"https:\/\/centers.ulbsibiu.ro\/ccsprise\/lact\/wp-json\/wp\/v2\/categories?post=5319"},{"taxonomy":"post_tag","embeddable":true,"href":"https:\/\/centers.ulbsibiu.ro\/ccsprise\/lact\/wp-json\/wp\/v2\/tags?post=5319"}],"curies":[{"name":"wp","href":"https:\/\/api.w.org\/{rel}","templated":true}]}}