{"id":5317,"date":"2018-09-04T20:16:28","date_gmt":"2018-09-04T18:16:28","guid":{"rendered":"https:\/\/centers.ulbsibiu.ro\/ccsprise\/lact\/?p=5317"},"modified":"2020-06-12T12:10:21","modified_gmt":"2020-06-12T10:10:21","slug":"europalibera-org-sergiu-gaibu-un-precedent-foarte-grav-in-modul-de-administrare-si-de-stabilire-a-relatiilor-cu-acest-teritoriu-nerecunoscut","status":"publish","type":"post","link":"https:\/\/centers.ulbsibiu.ro\/ccsprise\/lact\/europalibera-org-sergiu-gaibu-un-precedent-foarte-grav-in-modul-de-administrare-si-de-stabilire-a-relatiilor-cu-acest-teritoriu-nerecunoscut\/","title":{"rendered":"Europalibera.org &#8211; Sergiu Gaibu: \u201eUn precedent foarte grav \u00een modul de administrare \u0219i de stabilire a rela\u021biilor cu acest teritoriu nerecunoscut\u201d"},"content":{"rendered":"<ul class=\"links__list links__list--column\">\n<li class=\"links__item\"><a class=\"links__item-link\" title=\"Alexandru Can\u021b\u00eer\" href=\"https:\/\/www.europalibera.org\/author\/21777.html\">Alexandru Can\u021b\u00eer<\/a><\/li>\n<li class=\"links__item\"><a class=\"links__item-link\" title=\"Liliana Barb\u0103ro\u0219ie\" href=\"https:\/\/www.europalibera.org\/author\/20469.html\">Liliana Barb\u0103ro\u0219ie<\/a><\/li>\n<\/ul>\n<div class=\"intro intro--bold\">\n<p>Interviul dimine\u021bii cu economistul Centrului analitic Expert-Grup despre decizia privitoare la accesul \u00een traficul rutier interna\u021bional al mijloacelor de transport din regiunea transnistrean\u0103.<\/p>\n<\/div>\n<div id=\"article-content\" class=\"content-floated-wrap fb-quotable\">\n<div class=\"wsw\">\n<p><em>A \u00eenceput realizarea practic\u0103 a a\u0219a-numitei decizii protocolare \u201ePrivind accesul \u00een traficul rutier interna\u021bional al mijloacelor de transport din regiunea transnistrean\u0103, care nu desf\u0103\u0219oar\u0103 activit\u0103\u021bi comerciale\u201d. Pe 10 septembrie, Reprezentantul Special al Pre\u0219edintelui \u00een exerci\u021biu al OSCE pentru procesul de reglementare transnistrean\u0103, Franco Frattini, va vizita unul dintre birourile de \u00eenregistrare a vehiculelor, cel din Tiraspol, pentru a \u00eenm\u00e2na primele pl\u0103cu\u021be de \u00eenmatriculare cu design neutru. Mecanismul pus \u00een aplicare este apreciat \u00een mod diferit \u2013 de la un fel de entuziasm p\u00e2n\u0103 la criticile cele mai aspre. Punctul de vedere al economistului Sergiu Gaibu de la Centrul analitic Expert Grup<\/em>.<\/p>\n<p><strong>Europa Liber\u0103: A \u00eenceput realizarea acordului privind pl\u0103cu\u021bele de \u00eenmatriculare, semnat de c\u0103tre p\u0103r\u021bi \u00een aprilie 2018, prin care s-ar permite accesul vehiculelor din regiunea transnistrean\u0103 la traficul rutier interna\u021bional. Peste c\u00e2teva zile, Franco Frattini, Reprezentantul Special al Pre\u0219edintelui \u00een exerci\u021biu al OSCE pentru reglementarea transnistrean\u0103, va \u00eenm\u00e2na la Tiraspol primele pl\u0103cu\u021be beneficiarilor. Ce e bine \u0219i ce e r\u0103u sau \u00een acest mecanism convenit, care provine din acel pachet de opt \u00een\u021belegeri protocolare? <\/strong><\/p>\n<p><strong>Sergiu Gaibu:<\/strong> \u201eCa \u00eentotdeauna, \u00eentrebarea este corect\u0103, dar trebuie de men\u021bionat pentru cine este bine, pentru cine este r\u0103u, fiindc\u0103, \u00eentr-adev\u0103r, regimul de la Tiraspol a anun\u021bat cu fast lucrul acesta, a f\u0103cut o serie de evenimente publice \u0219i a anun\u021bat ca victorie mare cet\u0103\u021benii sau persoanele care sunt domiciliate \u2013 \u0219i asta este important \u2013, fiindc\u0103 nu este vorba doar de cet\u0103\u021beni, ci \u0219i de persoanele domiciliate \u00een mod permanent \u00een regiunea transnistrean\u0103 \u00een baz\u0103 de pa\u0219apoarte str\u0103ine de asemenea au dreptul s\u0103 beneficieze de aceast\u0103 facilitate. Deci, am putea include aici \u0219i persoane care nu au cet\u0103\u021benia Republicii Moldova, dar care domiciliaz\u0103 \u00een mod permanent pe teritoriul acestei unit\u0103\u021bi administrative. Este clar despre cine este vorba.<\/p>\n<p>Deci este vorba despre for\u021bele militare sau persoane care au activat \u00een acest domeniu \u0219i sunt domiciliate \u00een continuare pe teritoriul Transnistriei. De pierdut au, evident, \u00een primul r\u00e2nd, cet\u0103\u021benii de bun\u0103-credin\u021b\u0103 din partea dreapt\u0103 a Nistrului, care achit\u0103 taxele de import, exploateaz\u0103 cu respectarea legii<\/p>\n<p>automobilele \u0219i cu introducerea acestei m\u0103suri, respectiv o parte din cet\u0103\u021benii Republicii Moldova, acei din st\u00e2nga Nistrului au facilit\u0103\u021bi deosebite. De fapt, este recunoscut indirect \u0219i un regim vamal diferit de cel al Chi\u0219in\u0103ului oficial, ceea ce este absolut straniu, fiindc\u0103 nici \u021b\u0103rile federative nu au astfel de regimuri. Lucrul acesta, din p\u0103cate, nu a fost tratat sub nicio form\u0103 de c\u0103tre acordul respectiv, fiind l\u0103sat, practic, \u00een voia sor\u021bii, dar acest lucru reprezint\u0103 un risc \u0219i o cedare, de fapt, un precedent foarte grav \u00een ceea ce prive\u0219te modul de administrare \u0219i de stabilire a rela\u021biilor cu acest teritoriu nerecunoscut.\u201d<\/p>\n<p><strong>Europa Liber\u0103: Pe de alt\u0103 parte, dle Gaibu, exist\u0103 aproape un entuziasm al oficialilor occidentali, al partenerilor europeni fa\u021b\u0103 de pachetul celor opt decizii protocolare. Ce-ar trebui s\u0103 \u00een\u021beleag\u0103 cet\u0103\u021beanul obi\u0219nuit din dreapta Nistrului din aceast\u0103 situa\u021bie? <\/strong><\/p>\n<p><strong>Sergiu Gaibu:<\/strong> \u201eLa nivel politic se doreau anumite progrese, deci ori\u0219ice mi\u0219care \u00een aceast\u0103 direc\u021bie, ori\u0219ice t\u0103iere de lent\u0103 ro\u0219ie este prezentat\u0103 ca un progres, dar, din p\u0103cate, trebuie s\u0103 fim pragmatici \u0219i s\u0103 privim situa\u021bia real\u0103. Efectele posibile care vor fi at\u00e2t asupra regimului fiscal, da, sunt prezentate ca fiind anumite limit\u0103ri \u00een legea respectiv\u0103 \u00een ceea ce prive\u0219te circula\u021bia sau conducerea acestor automobile de c\u0103tre persoane \u0219i cet\u0103\u021beni domicilia\u021bi \u00een partea dreapt\u0103 a Nistrului, dar \u0219i acestea trezesc o serie de semne de \u00eentrebare \u00een ceea ce prive\u0219te limitarea, de fapt, a dreptului fundamental de dispunere de bunurile proprii \u0219i intr\u0103, \u00eentr-un fel, \u00een contradic\u021bie cu prevederile Codului Civil de dispunere de bunurile proprii, transmiterea c\u0103tre alte persoane \u0219.a.m.d.<\/p>\n<p>Aceste limit\u0103ri pun sub semnul \u00eentreb\u0103rii statutul de drept asupra unui bun de\u021binut \u00een proprietate privat\u0103. Este foarte important de a \u00een\u021belege c\u0103 acest regim este diferit, a\u0219a practic\u0103 la nivel interna\u021bional prin care se recunoa\u0219te un oarecare teritoriu din cadrul unui stat cu un regim fiscal separat este inadmisibil.<\/p>\n<p>Doi: \u00een astfel de negocieri cu anumite autorit\u0103\u021bi nerecunoscute, care efectiv combat suveranitatea \u0219i integritatea statului Republica Moldova, trebuia s\u0103 se purcead\u0103 \u0219i la o serie de negocieri, cel pu\u021bin s\u0103 ob\u021bin\u0103 \u00een contul acestei victorii pe planul transportului, s\u0103 ob\u021bin\u0103 anumite concesiuni \u0219i condi\u021bionalit\u0103\u021bi fa\u021b\u0103 de Tiraspol \u00een ceea ce prive\u0219te respectarea drepturilor omului, drepturilor \u0219colilor care doresc predarea limbii rom\u00e2ne \u0219i care sunt abuzate inclusiv acum. Lucrul acesta nu s-a f\u0103cut, ceea ce este foarte straniu \u0219i arat\u0103 mai cur\u00e2nd ca o cedare direct\u0103 a Chi\u0219in\u0103ului \u00een fa\u021ba Tiraspolului.\u201d (&#8230;)<\/p>\n<p>Textul complet:\u00a0<a href=\"https:\/\/www.europalibera.org\/a\/sergiu-gaibu-un-precedent-foarte-grav-\u00een-modul-de-administrare-\u0219i-de-stabilire-a-rela\u021biilor-cu-acest-teritoriu-nerecunoscut-\/29469722.html\">https:\/\/www.europalibera.org<\/a><\/p>\n<\/div>\n<\/div>\n","protected":false},"excerpt":{"rendered":"<p>Alexandru Can\u021b\u00eer Liliana Barb\u0103ro\u0219ie Interviul dimine\u021bii cu economistul Centrului analitic Expert-Grup despre decizia privitoare la accesul \u00een traficul rutier interna\u021bional al mijloacelor de transport din regiunea transnistrean\u0103. A \u00eenceput realizarea practic\u0103 a a\u0219a-numitei decizii protocolare \u201ePrivind accesul \u00een traficul rutier interna\u021bional al mijloacelor de transport din regiunea transnistrean\u0103, care nu desf\u0103\u0219oar\u0103 activit\u0103\u021bi comerciale\u201d. Pe 10&#8230;<\/p>\n","protected":false},"author":2,"featured_media":0,"comment_status":"closed","ping_status":"open","sticky":false,"template":"","format":"standard","meta":[],"categories":[1],"tags":[],"_links":{"self":[{"href":"https:\/\/centers.ulbsibiu.ro\/ccsprise\/lact\/wp-json\/wp\/v2\/posts\/5317"}],"collection":[{"href":"https:\/\/centers.ulbsibiu.ro\/ccsprise\/lact\/wp-json\/wp\/v2\/posts"}],"about":[{"href":"https:\/\/centers.ulbsibiu.ro\/ccsprise\/lact\/wp-json\/wp\/v2\/types\/post"}],"author":[{"embeddable":true,"href":"https:\/\/centers.ulbsibiu.ro\/ccsprise\/lact\/wp-json\/wp\/v2\/users\/2"}],"replies":[{"embeddable":true,"href":"https:\/\/centers.ulbsibiu.ro\/ccsprise\/lact\/wp-json\/wp\/v2\/comments?post=5317"}],"version-history":[{"count":1,"href":"https:\/\/centers.ulbsibiu.ro\/ccsprise\/lact\/wp-json\/wp\/v2\/posts\/5317\/revisions"}],"predecessor-version":[{"id":5318,"href":"https:\/\/centers.ulbsibiu.ro\/ccsprise\/lact\/wp-json\/wp\/v2\/posts\/5317\/revisions\/5318"}],"wp:attachment":[{"href":"https:\/\/centers.ulbsibiu.ro\/ccsprise\/lact\/wp-json\/wp\/v2\/media?parent=5317"}],"wp:term":[{"taxonomy":"category","embeddable":true,"href":"https:\/\/centers.ulbsibiu.ro\/ccsprise\/lact\/wp-json\/wp\/v2\/categories?post=5317"},{"taxonomy":"post_tag","embeddable":true,"href":"https:\/\/centers.ulbsibiu.ro\/ccsprise\/lact\/wp-json\/wp\/v2\/tags?post=5317"}],"curies":[{"name":"wp","href":"https:\/\/api.w.org\/{rel}","templated":true}]}}