{"id":5315,"date":"2018-09-04T20:11:10","date_gmt":"2018-09-04T18:11:10","guid":{"rendered":"https:\/\/centers.ulbsibiu.ro\/ccsprise\/lact\/?p=5315"},"modified":"2018-09-04T20:11:10","modified_gmt":"2018-09-04T18:11:10","slug":"ziarulnational-md-un-deputat-socialist-anunta-ca-dodon-ii-va-propune-liderului-separatist-din-transnistria-sa-formeze-o-federatie-cu-r-moldova-cu-invoire-de-la-putin","status":"publish","type":"post","link":"https:\/\/centers.ulbsibiu.ro\/ccsprise\/lact\/ziarulnational-md-un-deputat-socialist-anunta-ca-dodon-ii-va-propune-liderului-separatist-din-transnistria-sa-formeze-o-federatie-cu-r-moldova-cu-invoire-de-la-putin\/","title":{"rendered":"Ziarulnational.md &#8211; Un deputat socialist anun\u021b\u0103 c\u0103 Dodon \u00eei va propune liderului separatist din Transnistria s\u0103 formeze o FEDERA\u021aIE cu R. Moldova, cu \u00eenvoire de la Putin"},"content":{"rendered":"<p><span style=\"display: inline !important; float: none; background-color: transparent; color: #383536; font-family: 'Open Sans',sans-serif; font-size: 16px; font-style: normal; font-variant: normal; font-weight: 400; letter-spacing: normal; orphans: 2; text-align: left; text-decoration: none; text-indent: 0px; text-transform: none; -webkit-text-stroke-width: 0px; white-space: normal; word-spacing: 0px;\">\u00cent\u00e2lnirea din aceast\u0103 s\u0103pt\u0103m\u00e2n\u0103 a pre\u0219edintelui R. Moldova, Igor Dodon, cu liderul separatist de la Tiraspol, Vadim Krasnoselski, dar \u0219i vizita primului la Moscova \u00een luna octombrie curent pentru a se \u00eent\u00e2lni cu liderul rus, Vladimir Putin, au leg\u0103tur\u0103 cu campania electoral\u0103 care se apropie la Chi\u0219in\u0103u. <\/span><\/p>\n<p><span style=\"display: inline !important; float: none; background-color: transparent; color: #383536; font-family: 'Open Sans',sans-serif; font-size: 16px; font-style: normal; font-variant: normal; font-weight: 400; letter-spacing: normal; orphans: 2; text-align: left; text-decoration: none; text-indent: 0px; text-transform: none; -webkit-text-stroke-width: 0px; white-space: normal; word-spacing: 0px;\"> Cel pu\u021bin, a\u0219a scrie <\/span><a href=\"http:\/\/www.ng.ru\/cis\/2018-09-03\/5_7302_gamova.html\" target=\"_blank\" rel=\"noopener\">ng.ru<\/a><span style=\"display: inline !important; float: none; background-color: transparent; color: #383536; font-family: 'Open Sans',sans-serif; font-size: 16px; font-style: normal; font-variant: normal; font-weight: 400; letter-spacing: normal; orphans: 2; text-align: left; text-decoration: none; text-indent: 0px; text-transform: none; -webkit-text-stroke-width: 0px; white-space: normal; word-spacing: 0px;\">, cu referire la declara\u021biile deputatului socialist Bogdan \u021a\u00e2rdea, \u00eentr-un articol intitulat: \u201eMoldova \u00eei va propune Transnistriei o federa\u021bie\u201d. Potrivit acestuia, \u00een campania electoral\u0103, Partidul Sociali\u0219tilor, al c\u0103rui lider neformal este Dodon, va merge cu sloganuri legate de dezvoltarea rela\u021biilor cu Rusia, dar \u0219i de \u201eunirea cu Transnistria, pe baz\u0103 federativ\u0103\u201d. <\/span><\/p>\n<p><span style=\"display: inline !important; float: none; background-color: transparent; color: #383536; font-family: 'Open Sans',sans-serif; font-size: 16px; font-style: normal; font-variant: normal; font-weight: 400; letter-spacing: normal; orphans: 2; text-align: left; text-decoration: none; text-indent: 0px; text-transform: none; -webkit-text-stroke-width: 0px; white-space: normal; word-spacing: 0px;\"> Subiectele resepctive urmeaz\u0103 a fi discutate de Igor Dodon \u0219i Vladimir Putin la urm\u0103toarea \u00eent\u00e2lnire, noteaz\u0103 aceea\u0219i surs\u0103. <\/span><\/p>\n<p><span style=\"display: inline !important; float: none; background-color: transparent; color: #383536; font-family: 'Open Sans',sans-serif; font-size: 16px; font-style: normal; font-variant: normal; font-weight: 400; letter-spacing: normal; orphans: 2; text-align: left; text-decoration: none; text-indent: 0px; text-transform: none; -webkit-text-stroke-width: 0px; white-space: normal; word-spacing: 0px;\"> Socialistul \u021a\u00e2rdea a mai spus pentru publica\u021bia rus\u0103 c\u0103 federalizarea R. Moldova nu va fi decis\u0103 la nivelul Chi\u0219in\u0103ului \u0219i Tiraspolului, ci mai degrab\u0103 la nivelul lui \u201eTrump \u0219i Putin, Rusiei \u0219i Germaniei\u201d. <\/span><\/p>\n<p><span style=\"display: inline !important; float: none; background-color: transparent; color: #383536; font-family: 'Open Sans',sans-serif; font-size: 16px; font-style: normal; font-variant: normal; font-weight: 400; letter-spacing: normal; orphans: 2; text-align: left; text-decoration: none; text-indent: 0px; text-transform: none; -webkit-text-stroke-width: 0px; white-space: normal; word-spacing: 0px;\"> Acela\u0219i deputat de la Chi\u0219in\u0103u a salutat numirea lui Dmitri Kozak \u00een calitate de reprezentant special al pre\u0219edintelui rus pentru R. Moldova, care nu \u00eei pare \u201e\u00eent\u00e2mpl\u0103toare\u201d, exprim\u00e2ndu-\u0219i speran\u021ba c\u0103 \u201esunt preg\u0103tite decizii serioase \u00een privin\u021ba Transnistriei\u201d.<\/span><\/p>\n<p><span style=\"display: inline !important; float: none; background-color: transparent; color: #383536; font-family: 'Open Sans',sans-serif; font-size: 16px; font-style: normal; font-variant: normal; font-weight: 400; letter-spacing: normal; orphans: 2; text-align: left; text-decoration: none; text-indent: 0px; text-transform: none; -webkit-text-stroke-width: 0px; white-space: normal; word-spacing: 0px;\"> Ng.ru noteaz\u0103 c\u0103, anterior, liderul separatist Krasnoselski a declarat c\u0103 transnistrenii \u201enu-\u0219i v\u0103d viitorul\u201d \u00een cadrul R. Moldova. <\/span><\/p>\n<p>Sursa:\u00a0<a href=\"https:\/\/www.ziarulnational.md\/un-deputat-socialist-anunta-ca-dodon-ii-va-propune-liderului-separatist-din-transnistria-sa-formeze-o-federatie-cu-r-moldova-cu-invoire-de-la-putin\/\">https:\/\/www.ziarulnational.md\/<\/a><\/p>\n","protected":false},"excerpt":{"rendered":"<p>\u00cent\u00e2lnirea din aceast\u0103 s\u0103pt\u0103m\u00e2n\u0103 a pre\u0219edintelui R. Moldova, Igor Dodon, cu liderul separatist de la Tiraspol, Vadim Krasnoselski, dar \u0219i vizita primului la Moscova \u00een luna octombrie curent pentru a se \u00eent\u00e2lni cu liderul rus, Vladimir Putin, au leg\u0103tur\u0103 cu campania electoral\u0103 care se apropie la Chi\u0219in\u0103u. Cel pu\u021bin, a\u0219a scrie ng.ru, cu referire la&#8230;<\/p>\n","protected":false},"author":2,"featured_media":0,"comment_status":"closed","ping_status":"open","sticky":false,"template":"","format":"standard","meta":[],"categories":[1],"tags":[],"_links":{"self":[{"href":"https:\/\/centers.ulbsibiu.ro\/ccsprise\/lact\/wp-json\/wp\/v2\/posts\/5315"}],"collection":[{"href":"https:\/\/centers.ulbsibiu.ro\/ccsprise\/lact\/wp-json\/wp\/v2\/posts"}],"about":[{"href":"https:\/\/centers.ulbsibiu.ro\/ccsprise\/lact\/wp-json\/wp\/v2\/types\/post"}],"author":[{"embeddable":true,"href":"https:\/\/centers.ulbsibiu.ro\/ccsprise\/lact\/wp-json\/wp\/v2\/users\/2"}],"replies":[{"embeddable":true,"href":"https:\/\/centers.ulbsibiu.ro\/ccsprise\/lact\/wp-json\/wp\/v2\/comments?post=5315"}],"version-history":[{"count":1,"href":"https:\/\/centers.ulbsibiu.ro\/ccsprise\/lact\/wp-json\/wp\/v2\/posts\/5315\/revisions"}],"predecessor-version":[{"id":5316,"href":"https:\/\/centers.ulbsibiu.ro\/ccsprise\/lact\/wp-json\/wp\/v2\/posts\/5315\/revisions\/5316"}],"wp:attachment":[{"href":"https:\/\/centers.ulbsibiu.ro\/ccsprise\/lact\/wp-json\/wp\/v2\/media?parent=5315"}],"wp:term":[{"taxonomy":"category","embeddable":true,"href":"https:\/\/centers.ulbsibiu.ro\/ccsprise\/lact\/wp-json\/wp\/v2\/categories?post=5315"},{"taxonomy":"post_tag","embeddable":true,"href":"https:\/\/centers.ulbsibiu.ro\/ccsprise\/lact\/wp-json\/wp\/v2\/tags?post=5315"}],"curies":[{"name":"wp","href":"https:\/\/api.w.org\/{rel}","templated":true}]}}