{"id":5313,"date":"2018-09-03T17:04:44","date_gmt":"2018-09-03T15:04:44","guid":{"rendered":"https:\/\/centers.ulbsibiu.ro\/ccsprise\/lact\/?p=5313"},"modified":"2018-09-03T17:04:44","modified_gmt":"2018-09-03T15:04:44","slug":"deschide-md-tiraspolul-si-a-sarbatorit-cea-de-a-28-a-pretinsa-independenta","status":"publish","type":"post","link":"https:\/\/centers.ulbsibiu.ro\/ccsprise\/lact\/deschide-md-tiraspolul-si-a-sarbatorit-cea-de-a-28-a-pretinsa-independenta\/","title":{"rendered":"Deschide.md &#8211; Tiraspolul \u0219i-a s\u0103rb\u0103torit cea de a 28-a pretins\u0103 independen\u021b\u0103"},"content":{"rendered":"<p>La Tiraspol ast\u0103zi a fost organizat\u0103 o parad\u0103 militar\u0103 dedicat\u0103 a\u0219a-zisei independen\u021be a regiunii transnistrene. La s\u0103tb\u0103toarea separatismului au luat parte 21 de forma\u021biuni militare \u0219i conducerea regiunii secesioniste.<\/p>\n<p>Parada a fost condus\u0103 de c\u0103tre a\u0219a-zisul ministru al Ap\u0103r\u0103rii al RMN, generalul Oleg Obrucikov. Parada a \u00eenceput la ora 9:00 diminea\u021ba.<\/p>\n<p>\u00cen cuv\u00e2ntul s\u0103u de salut, liderul separatist de la Tiraspol, Vadim Krasnoselski a repetat deja clasicele etichete ale acestei zile, c\u0103 \u201etransnistrenii \u00ee\u0219i doresc s\u0103 tr\u0103iasc\u0103 \u00eentr-un stat recunoscut pe plan interna\u021bional\u201d. Separtistul \u0219ef a mai ad\u0103ugat c\u0103 Transnistria dup\u0103 recunoa\u0219terea interna\u021bional\u0103 va trebui s\u0103 se integreze \u00een Rusia a\u0219a cum au votat cet\u0103\u021benii regiunii la pretinsul referendum din anul 2006.<\/p>\n<p>Dup\u0103 discursurile pompoase de la tribun\u0103, \u00een pia\u021ba Suvorov din Tiraspol au defilat forma\u021biunile a\u0219a-numitului Minister al Ap\u0103r\u0103rii, ale KGB-ului transnistrean, ale mili\u021biei, dar \u0219i cursan\u021bii \u0219colilor de cade\u021be \u0219i a \u0219colii Suvorov.<\/p>\n<p>Textul complet:\u00a0<a href=\"https:\/\/deschide.md\/ro\/stiri\/politic\/36106\/GALERIE-FOTO--Tiraspolul-\u0219i-a-s\u0103rb\u0103torit-cea-de-a-28-a-pretins\u0103-independen\u021b\u0103.htm\">https:\/\/deschide.md<\/a><\/p>\n","protected":false},"excerpt":{"rendered":"<p>La Tiraspol ast\u0103zi a fost organizat\u0103 o parad\u0103 militar\u0103 dedicat\u0103 a\u0219a-zisei independen\u021be a regiunii transnistrene. La s\u0103tb\u0103toarea separatismului au luat parte 21 de forma\u021biuni militare \u0219i conducerea regiunii secesioniste. Parada a fost condus\u0103 de c\u0103tre a\u0219a-zisul ministru al Ap\u0103r\u0103rii al RMN, generalul Oleg Obrucikov. Parada a \u00eenceput la ora 9:00 diminea\u021ba. \u00cen cuv\u00e2ntul s\u0103u de&#8230;<\/p>\n","protected":false},"author":2,"featured_media":0,"comment_status":"closed","ping_status":"open","sticky":false,"template":"","format":"standard","meta":[],"categories":[1],"tags":[],"_links":{"self":[{"href":"https:\/\/centers.ulbsibiu.ro\/ccsprise\/lact\/wp-json\/wp\/v2\/posts\/5313"}],"collection":[{"href":"https:\/\/centers.ulbsibiu.ro\/ccsprise\/lact\/wp-json\/wp\/v2\/posts"}],"about":[{"href":"https:\/\/centers.ulbsibiu.ro\/ccsprise\/lact\/wp-json\/wp\/v2\/types\/post"}],"author":[{"embeddable":true,"href":"https:\/\/centers.ulbsibiu.ro\/ccsprise\/lact\/wp-json\/wp\/v2\/users\/2"}],"replies":[{"embeddable":true,"href":"https:\/\/centers.ulbsibiu.ro\/ccsprise\/lact\/wp-json\/wp\/v2\/comments?post=5313"}],"version-history":[{"count":1,"href":"https:\/\/centers.ulbsibiu.ro\/ccsprise\/lact\/wp-json\/wp\/v2\/posts\/5313\/revisions"}],"predecessor-version":[{"id":5314,"href":"https:\/\/centers.ulbsibiu.ro\/ccsprise\/lact\/wp-json\/wp\/v2\/posts\/5313\/revisions\/5314"}],"wp:attachment":[{"href":"https:\/\/centers.ulbsibiu.ro\/ccsprise\/lact\/wp-json\/wp\/v2\/media?parent=5313"}],"wp:term":[{"taxonomy":"category","embeddable":true,"href":"https:\/\/centers.ulbsibiu.ro\/ccsprise\/lact\/wp-json\/wp\/v2\/categories?post=5313"},{"taxonomy":"post_tag","embeddable":true,"href":"https:\/\/centers.ulbsibiu.ro\/ccsprise\/lact\/wp-json\/wp\/v2\/tags?post=5313"}],"curies":[{"name":"wp","href":"https:\/\/api.w.org\/{rel}","templated":true}]}}