{"id":5311,"date":"2018-09-03T17:00:50","date_gmt":"2018-09-03T15:00:50","guid":{"rendered":"https:\/\/centers.ulbsibiu.ro\/ccsprise\/lact\/?p=5311"},"modified":"2018-09-03T17:00:50","modified_gmt":"2018-09-03T15:00:50","slug":"infotag-md-incepand-cu-10-septembrie-in-transnistria-vor-fi-emise-placute-de-inmatriculare-neutre","status":"publish","type":"post","link":"https:\/\/centers.ulbsibiu.ro\/ccsprise\/lact\/infotag-md-incepand-cu-10-septembrie-in-transnistria-vor-fi-emise-placute-de-inmatriculare-neutre\/","title":{"rendered":"Infotag.md &#8211; \u00ceNCEP\u00c2ND CU 10 SEPTEMBRIE, \u00ceN TRANSNISTRIA VOR FI EMISE PL\u0102CU\u021aE DE \u00ceNMATRICULARE NEUTRE"},"content":{"rendered":"<p>\u00cencep\u00e2nd cu 10 septembrie, \u00een Transnistria vor fi emise pl\u0103cu\u021be de \u00eenmatriculare neutre, conform standardelor interna\u021bionale.<\/p>\n<p>Potrivit agen\u021biei INFOTAG, despre aceasta a relatat vicepremierul pentru reintegrare Cristina Lesnic, care a participat, la 1 septembrie, \u00een cadrul ceremoniei de deschidere a punctului de \u00eenmatriculare a mijloacelor de transport din regiunea transnistrean\u0103, \u00een or. Tiraspol.<\/p>\n<p>La ceremonie au participat \u0219i ministru al Afacerilor Externe al autoproclamatei RMN, Vitali Ignatiev \u0219i reprezentan\u021bii Misiunii OSCE, care \u00eenc\u0103 o dat\u0103 au salutat compromisul la care au ajuns \u00een acest sens Chi\u0219in\u0103ul \u0219i Tiraspolul.<\/p>\n<p>La r\u00e2ndul s\u0103u, \u00een cadrul ceremoniei, Cristina Lesnic a adus mul\u021bumiri celor care au participat \u00een procesul de negocieri, reprezentan\u021bilor din formatul \u201e5+2\u201d, precum \u0219i OSCE \u0219i Italiei pentru asisten\u021b\u0103 tehnic\u0103.<\/p>\n<p>Potrivit ei, beneficiarii acestui mecanism sunt persoanele fizice precum \u0219i persoanele juridice, care nu desf\u0103\u0219oar\u0103 activitate comercial\u0103 \u0219i sunt \u00eenregistra\u021bi la Agen\u021bia Servicii Publice, inclusiv prin cumul cu alte condi\u021bii obligatorii pentru ambele categorii.<\/p>\n<p>\u201cAcest mecanism este aplicabil vehiculelor din st\u00e2nga Nistrului \u0219i mun. Bender cu excep\u021bia localit\u0103\u021bilor Cocieri, Corjova, Co\u0219ni\u021ba, Doro\u021bcaia, Molovata Nou\u0103, P\u00eer\u00eeta, Pohrebea, Vasilievca din raionul Dub\u0103sari. Dreptul de a depune actele pentru \u00eenmatricularea mijlocului de transport se vor efectua \u00een baza program\u0103rii prealabile \u0219i cu prezentarea acestora la oficiile din or. Tiraspol \u0219i R\u00e2bni\u021ba \u00eencep\u00e2nd cu 10 septembrie curent\u201d, a men\u021bionat ea.<\/p>\n<p>\u00cen condi\u021biile stabilite de legisla\u021bia na\u021bional\u0103, locuitorii din st\u00e2nga Nistrului \u0219i mun. Bender vor circula \u00een traficul rutier interna\u021bional cu pl\u0103ci de \u00eenmatriculare neutre (trei litere \u0219i trei cifre), vor beneficia de certificat de \u00eenmatriculare de tip nou, \u00een baza raportului de inspectare tehnic\u0103 a mijlocului de transport eliberat de institu\u021biile acreditate de ANTA.<\/p>\n<p>Totodat\u0103, beneficiarii vor achita \u00een condi\u021bii similare taxele pentru \u00eenregistrare \u0219i re\u00eenregistrare a mijloacelor de transport prev\u0103zute de legisla\u021bie, iar pentru vehiculele introduse dup\u0103 data de 24 aprilie 2018 vor prezenta documentul vamal de tip nou TV 24.<\/p>\n<p>Angaja\u021bii Agen\u021biei Servicii Publice \u0219i Biroului Migra\u021bie \u0219i Azil din punctele de \u00eenregistrare a mijloacelor de transport vor activa \u00een punctele de \u00eenregistrare a mijloacelor de transport.<\/p>\n<p>Mecanismul nou este stabilit pe baza principiului benevol. Acesta nu prevede procedura \u00een regim de urgen\u021b\u0103.<\/p>\n<p>\u00cen acest context, din data depunerii setului de acte pentru perfectare \u00een unul dintre punctele de \u00eenregistrare a mijloacelor de transport, accesul \u00een traficul rutier interna\u021bional va avea loc peste 30 de zile. respectiv, \u00een termen de 30 zile de la data depunerii actelor de \u00eenregistrare \u0219i re\u00eenregistrare \u00een adresa ghi\u0219eelor din Tiraspol \u0219i R\u00e2bni\u021ba, beneficiarul va primi pa\u0219aport tehnic provizoriu, care va permite circula\u021bia doar \u00een limitele frontierelor Republicii Moldova.<br \/>\nAstfel, autorit\u0103\u021bile de aplicare ale legii vor cunoa\u0219te cine este conduc\u0103torul autovehiculului \u0219i vor evita situa\u021biile de abuz \u0219i \u00eenc\u0103lc\u0103ri a regimului circula\u021biei rutiere \u00een interiorul \u021b\u0103rii \u0219i peste hotarele ei.<\/p>\n<p>De asemenea, mecanismul stabile\u0219te proceduri clare de verificare a autovehiculelor ce se afl\u0103 \u00een c\u0103utare na\u021bional\u0103 \u0219i interna\u021bional\u0103 sau declarate pierdute p\u00e2n\u0103 la eliberarea pa\u0219aportului tehnic final \u0219i accederea \u00een trafic rutier interna\u021bional, precum \u0219i cele care trebuie sa se conformeze test\u0103rii tehnice.<\/p>\n<p>Mecanismul nu impune celor care nu doresc s\u0103 se deplaseze \u00een trafic rutier interna\u021bional s\u0103 \u00eenregistreze\/re\u00eenregistreze autovehiculele sale. Regimul de lucru a oficiilor va func\u021biona cu programare prealabil\u0103 \u0219i s\u0103pt\u0103m\u00e2nal, de mar\u021bi p\u00e2n\u0103 s\u00e2mb\u0103t\u0103.<\/p>\n<p>\u00cen cadrul Pre\u0219edin\u021biei Italiei la OSCE, precum \u0219i \u00een contextul implement\u0103rii protocolului de la Roma din luna mai 2018, dotarea logistic\u0103 a celor doua ghi\u0219ee de \u00eenmatriculare a mijloacelor de transport a avut loc cu sprijinul financiar al OSCE \u0219i contribu\u021bia Italiei.<\/p>\n<p>Textul complet:\u00a0<a href=\"http:\/\/www.infotag.md\/rebelion-ro\/266207\/\">http:\/\/www.infotag.md\/<\/a><\/p>\n","protected":false},"excerpt":{"rendered":"<p>\u00cencep\u00e2nd cu 10 septembrie, \u00een Transnistria vor fi emise pl\u0103cu\u021be de \u00eenmatriculare neutre, conform standardelor interna\u021bionale. Potrivit agen\u021biei INFOTAG, despre aceasta a relatat vicepremierul pentru reintegrare Cristina Lesnic, care a participat, la 1 septembrie, \u00een cadrul ceremoniei de deschidere a punctului de \u00eenmatriculare a mijloacelor de transport din regiunea transnistrean\u0103, \u00een or. Tiraspol. La ceremonie&#8230;<\/p>\n","protected":false},"author":2,"featured_media":0,"comment_status":"closed","ping_status":"open","sticky":false,"template":"","format":"standard","meta":[],"categories":[1],"tags":[],"_links":{"self":[{"href":"https:\/\/centers.ulbsibiu.ro\/ccsprise\/lact\/wp-json\/wp\/v2\/posts\/5311"}],"collection":[{"href":"https:\/\/centers.ulbsibiu.ro\/ccsprise\/lact\/wp-json\/wp\/v2\/posts"}],"about":[{"href":"https:\/\/centers.ulbsibiu.ro\/ccsprise\/lact\/wp-json\/wp\/v2\/types\/post"}],"author":[{"embeddable":true,"href":"https:\/\/centers.ulbsibiu.ro\/ccsprise\/lact\/wp-json\/wp\/v2\/users\/2"}],"replies":[{"embeddable":true,"href":"https:\/\/centers.ulbsibiu.ro\/ccsprise\/lact\/wp-json\/wp\/v2\/comments?post=5311"}],"version-history":[{"count":1,"href":"https:\/\/centers.ulbsibiu.ro\/ccsprise\/lact\/wp-json\/wp\/v2\/posts\/5311\/revisions"}],"predecessor-version":[{"id":5312,"href":"https:\/\/centers.ulbsibiu.ro\/ccsprise\/lact\/wp-json\/wp\/v2\/posts\/5311\/revisions\/5312"}],"wp:attachment":[{"href":"https:\/\/centers.ulbsibiu.ro\/ccsprise\/lact\/wp-json\/wp\/v2\/media?parent=5311"}],"wp:term":[{"taxonomy":"category","embeddable":true,"href":"https:\/\/centers.ulbsibiu.ro\/ccsprise\/lact\/wp-json\/wp\/v2\/categories?post=5311"},{"taxonomy":"post_tag","embeddable":true,"href":"https:\/\/centers.ulbsibiu.ro\/ccsprise\/lact\/wp-json\/wp\/v2\/tags?post=5311"}],"curies":[{"name":"wp","href":"https:\/\/api.w.org\/{rel}","templated":true}]}}