{"id":5309,"date":"2018-09-03T16:58:29","date_gmt":"2018-09-03T14:58:29","guid":{"rendered":"https:\/\/centers.ulbsibiu.ro\/ccsprise\/lact\/?p=5309"},"modified":"2018-09-03T16:58:29","modified_gmt":"2018-09-03T14:58:29","slug":"ziarulnational-md-manifestatii-de-la-inceputul-anului-scolar-cu-militie-la-scolile-cu-predare-in-limba-roman-din-transnistria-directoare-preintampinata-sa-nu-difuzeze-imnul-si-sa-nu-arboreze-drap","status":"publish","type":"post","link":"https:\/\/centers.ulbsibiu.ro\/ccsprise\/lact\/ziarulnational-md-manifestatii-de-la-inceputul-anului-scolar-cu-militie-la-scolile-cu-predare-in-limba-roman-din-transnistria-directoare-preintampinata-sa-nu-difuzeze-imnul-si-sa-nu-arboreze-drap\/","title":{"rendered":"Ziarulnational.md &#8211; Manifesta\u021bii de la \u00eenceputul anului \u0219colar, cu MILI\u021aIE la \u0219colile cu predare \u00een limba rom\u00e2n din Transnistria: Directoare, pre\u00eent\u00e2mpinat\u0103 s\u0103 nu difuzeze imnul \u0219i s\u0103 nu arboreze drapelul R. Moldova"},"content":{"rendered":"<p>Manifesta\u021biile de la \u00eenceputul anului \u0219colar s-au desf\u0103\u0219urat ast\u0103zi \u00een prezen\u021ba a\u0219a-zisei mili\u021bii transnistrene la cele opt \u0219coli cu predare \u00een limba rom\u00e2n\u0103 din st\u00e2nga Nistrului.<\/p>\n<p>Asocia\u021bia \u201ePromo-LEX\u201d transmite c\u0103 dreptul la educa\u021bie pentru elevii celor opt \u0219coli cu predare \u00een grafia latin\u0103 din regiunea transnistrean\u0103 a fost \u00eenc\u0103lcat din nou, iar situa\u021bia r\u0103m\u00e2ne una critic\u0103.<\/p>\n<p>\u201e\u0218i \u00een acest an, careul a fost unul mai pu\u021bin solemn. Reprezentan\u021bii mili\u021biei transnistrene continu\u0103 s\u0103 intimideze elevii \u0219i profesorii din aceste \u0219coli. La gimnaziul din s. Roghi au fost prezen\u021bi aproximativ 20 de reprezentan\u021bi ai mili\u021biei transnistrene, majoritatea \u00eembr\u0103ca\u021bi \u00een civil. Cineva s-a apropiat de directoare \u0219i a pre\u00eent\u00e2mpinat-o s\u0103 nu difuzeze la boxe imnul de stat \u0219i s\u0103 nu arboreze drapelul. La gimnaziul din Corjova au fost observa\u021bi 15 mili\u021bieni, ace\u0219tia \u201e supravegheau\u201d din drum evenimentul. La Liceul din R\u00e2bni\u021ba au fost reprezentan\u021bi ai structurilor locale din a\u0219a-zisa rmn\u201d, se arat\u0103 \u00eentr-un mesaj al asocia\u021biei.<\/p>\n<p>Textul complet:\u00a0<a href=\"https:\/\/www.ziarulnational.md\/manifestatii-de-la-inceputul-anului-scolar-cu-militie-la-scolile-cu-predare-in-limba-roman-din-transnistria-directoare-preintampinata-sa-nu-difuzeze-imnul-si-sa-nu-arboreze-drapelul-r-moldova\/\">https:\/\/www.ziarulnational.md\/<\/a><\/p>\n","protected":false},"excerpt":{"rendered":"<p>Manifesta\u021biile de la \u00eenceputul anului \u0219colar s-au desf\u0103\u0219urat ast\u0103zi \u00een prezen\u021ba a\u0219a-zisei mili\u021bii transnistrene la cele opt \u0219coli cu predare \u00een limba rom\u00e2n\u0103 din st\u00e2nga Nistrului. Asocia\u021bia \u201ePromo-LEX\u201d transmite c\u0103 dreptul la educa\u021bie pentru elevii celor opt \u0219coli cu predare \u00een grafia latin\u0103 din regiunea transnistrean\u0103 a fost \u00eenc\u0103lcat din nou, iar situa\u021bia r\u0103m\u00e2ne una&#8230;<\/p>\n","protected":false},"author":2,"featured_media":0,"comment_status":"closed","ping_status":"open","sticky":false,"template":"","format":"standard","meta":[],"categories":[1],"tags":[],"_links":{"self":[{"href":"https:\/\/centers.ulbsibiu.ro\/ccsprise\/lact\/wp-json\/wp\/v2\/posts\/5309"}],"collection":[{"href":"https:\/\/centers.ulbsibiu.ro\/ccsprise\/lact\/wp-json\/wp\/v2\/posts"}],"about":[{"href":"https:\/\/centers.ulbsibiu.ro\/ccsprise\/lact\/wp-json\/wp\/v2\/types\/post"}],"author":[{"embeddable":true,"href":"https:\/\/centers.ulbsibiu.ro\/ccsprise\/lact\/wp-json\/wp\/v2\/users\/2"}],"replies":[{"embeddable":true,"href":"https:\/\/centers.ulbsibiu.ro\/ccsprise\/lact\/wp-json\/wp\/v2\/comments?post=5309"}],"version-history":[{"count":1,"href":"https:\/\/centers.ulbsibiu.ro\/ccsprise\/lact\/wp-json\/wp\/v2\/posts\/5309\/revisions"}],"predecessor-version":[{"id":5310,"href":"https:\/\/centers.ulbsibiu.ro\/ccsprise\/lact\/wp-json\/wp\/v2\/posts\/5309\/revisions\/5310"}],"wp:attachment":[{"href":"https:\/\/centers.ulbsibiu.ro\/ccsprise\/lact\/wp-json\/wp\/v2\/media?parent=5309"}],"wp:term":[{"taxonomy":"category","embeddable":true,"href":"https:\/\/centers.ulbsibiu.ro\/ccsprise\/lact\/wp-json\/wp\/v2\/categories?post=5309"},{"taxonomy":"post_tag","embeddable":true,"href":"https:\/\/centers.ulbsibiu.ro\/ccsprise\/lact\/wp-json\/wp\/v2\/tags?post=5309"}],"curies":[{"name":"wp","href":"https:\/\/api.w.org\/{rel}","templated":true}]}}