{"id":5307,"date":"2018-08-30T20:06:33","date_gmt":"2018-08-30T18:06:33","guid":{"rendered":"https:\/\/centers.ulbsibiu.ro\/ccsprise\/lact\/?p=5307"},"modified":"2018-08-30T20:06:33","modified_gmt":"2018-08-30T18:06:33","slug":"deschide-md-separatistii-transnistreni-si-trupele-de-ocupatie-ruse-exerseaza-trageri-din-artilerie","status":"publish","type":"post","link":"https:\/\/centers.ulbsibiu.ro\/ccsprise\/lact\/deschide-md-separatistii-transnistreni-si-trupele-de-ocupatie-ruse-exerseaza-trageri-din-artilerie\/","title":{"rendered":"Deschide.md &#8211; Separati\u0219tii transnistreni \u0219i trupele de ocupa\u021bie ruse exerseaz\u0103 trageri din artilerie"},"content":{"rendered":"<p>Trupele de ocupa\u021bie ruse din Transnistria \u00eempreun\u0103 cu a\u0219a-numita Armat\u0103 separatist\u0103 se antreneaz\u0103 cu trageri de artilerie.<\/p>\n<p>Potrivit unui comunicat, al a\u0219a-zisului Minister al Ap\u0103r\u0103rii de la Tiraspol, \u00een exerci\u021bii militare sunt antrena\u021bi militarii \u00een termen care au fost \u00eenrola\u021bi la finele lunii iunie.<\/p>\n<p>Oficial, aceste exerci\u021bii militare au menirea s\u0103 sporeasc\u0103 capacitatea de lupt\u0103 a trupelor ilegale, dar \u0219i s\u0103 sporeasc\u0103 gradul de conlucrare \u0219i comand\u0103 a celor ce conduc a\u0219a-numitele trupe militare transnistrene.<\/p>\n<p>Ultimele dou\u0103 zile aceste exerci\u021bii se desf\u0103\u0219oar\u0103 la poligonul de la Tiraspol cu participarea inclusiv a unit\u0103\u021bilor de cercetarea a trupelor paramilitare separatiste, \u00een total fiind antrena\u021bi circa 200-250 militari ai trupelor de ocupa\u021bie a Federa\u021biei Ruse \u00een Republica Moldova. Sunt desf\u0103\u0219urate trageri de lupt\u0103 cu toate tipurile de armament aflat \u00een dotarea trupelor de ocupa\u021bie, inclusiv \u0219i mitraliere de calibru mare (14,5 \u0219i 12,7).<\/p>\n<p>Textul complet:\u00a0<a href=\"https:\/\/deschide.md\/ro\/stiri\/politic\/36003\/Separati\u0219tii-transnistreni-\u0219i-trupele-de-ocupa\u021bie-ruse-exerseaz\u0103-trageri-din-artilerie.htm\">https:\/\/deschide.md\/<\/a><\/p>\n","protected":false},"excerpt":{"rendered":"<p>Trupele de ocupa\u021bie ruse din Transnistria \u00eempreun\u0103 cu a\u0219a-numita Armat\u0103 separatist\u0103 se antreneaz\u0103 cu trageri de artilerie. Potrivit unui comunicat, al a\u0219a-zisului Minister al Ap\u0103r\u0103rii de la Tiraspol, \u00een exerci\u021bii militare sunt antrena\u021bi militarii \u00een termen care au fost \u00eenrola\u021bi la finele lunii iunie. Oficial, aceste exerci\u021bii militare au menirea s\u0103 sporeasc\u0103 capacitatea de lupt\u0103&#8230;<\/p>\n","protected":false},"author":2,"featured_media":0,"comment_status":"closed","ping_status":"open","sticky":false,"template":"","format":"standard","meta":[],"categories":[1],"tags":[],"_links":{"self":[{"href":"https:\/\/centers.ulbsibiu.ro\/ccsprise\/lact\/wp-json\/wp\/v2\/posts\/5307"}],"collection":[{"href":"https:\/\/centers.ulbsibiu.ro\/ccsprise\/lact\/wp-json\/wp\/v2\/posts"}],"about":[{"href":"https:\/\/centers.ulbsibiu.ro\/ccsprise\/lact\/wp-json\/wp\/v2\/types\/post"}],"author":[{"embeddable":true,"href":"https:\/\/centers.ulbsibiu.ro\/ccsprise\/lact\/wp-json\/wp\/v2\/users\/2"}],"replies":[{"embeddable":true,"href":"https:\/\/centers.ulbsibiu.ro\/ccsprise\/lact\/wp-json\/wp\/v2\/comments?post=5307"}],"version-history":[{"count":1,"href":"https:\/\/centers.ulbsibiu.ro\/ccsprise\/lact\/wp-json\/wp\/v2\/posts\/5307\/revisions"}],"predecessor-version":[{"id":5308,"href":"https:\/\/centers.ulbsibiu.ro\/ccsprise\/lact\/wp-json\/wp\/v2\/posts\/5307\/revisions\/5308"}],"wp:attachment":[{"href":"https:\/\/centers.ulbsibiu.ro\/ccsprise\/lact\/wp-json\/wp\/v2\/media?parent=5307"}],"wp:term":[{"taxonomy":"category","embeddable":true,"href":"https:\/\/centers.ulbsibiu.ro\/ccsprise\/lact\/wp-json\/wp\/v2\/categories?post=5307"},{"taxonomy":"post_tag","embeddable":true,"href":"https:\/\/centers.ulbsibiu.ro\/ccsprise\/lact\/wp-json\/wp\/v2\/tags?post=5307"}],"curies":[{"name":"wp","href":"https:\/\/api.w.org\/{rel}","templated":true}]}}