{"id":5303,"date":"2018-08-25T17:36:34","date_gmt":"2018-08-25T15:36:34","guid":{"rendered":"https:\/\/centers.ulbsibiu.ro\/ccsprise\/lact\/?p=5303"},"modified":"2018-08-25T17:36:34","modified_gmt":"2018-08-25T15:36:34","slug":"infotag-md-incepand-cu-1-septembrie-in-transnistria-vor-fi-inmatriculate-mijloace-de-transport-cu-numere-neutre","status":"publish","type":"post","link":"https:\/\/centers.ulbsibiu.ro\/ccsprise\/lact\/infotag-md-incepand-cu-1-septembrie-in-transnistria-vor-fi-inmatriculate-mijloace-de-transport-cu-numere-neutre\/","title":{"rendered":"Infotag.md &#8211; \u00ceNCEP\u00c2ND CU 1 SEPTEMBRIE, \u00ceN TRANSNISTRIA VOR FI \u00ceNMATRICULATE MIJLOACE DE TRANSPORT CU NUMERE NEUTRE"},"content":{"rendered":"<p>\u00cencep\u00e2nd cu 1 septembrie, mijloacele de transport din regiunea transnistrean\u0103 vor fi \u00eenmatriculate cu numere neutre. Pentru \u00eenceput, eliberarea pl\u0103cu\u021belor se va realiza \u00een regim de testare, \u00een punctele de \u00eentegistrare a autovehiculelor din Tiraspol \u0219i R\u00eebni\u021ba.<\/p>\n<p>Potrivit agen\u021biei INFOTAG, cu referire la Ministerul de Externe al autoproclamatei RMN, o decizie \u00een acest sens a fost luat\u0103 \u00een cadrul \u0219edin\u021bei de lucru pentru dezvoltarea transportului auto \u0219i infrastructurii drumurilor, la care au participat \u0219i reprezentan\u021bii politici \u00een procesul de negocieri pentru reglementarea transnistrean\u0103 Cristina Lesnic \u015fi Vitalii Ignatiev. \u0218edin\u021ba a avut loc la sediul Misiunii OSCE din Tiraspol.<\/p>\n<p>Discu\u021biile participan\u021bilor s-au axat pe procesul de implementare a prevederilor Deciziei protocolare \u201ePrivind accesul \u00een traficul rutier interna\u021bional a mijloacelor de transport din regiunea transnistrean\u0103, care nu desf\u0103\u0219oar\u0103 activit\u0103\u021bi comerciale\u201d semnate la 24 aprilie 2018. De asemenea, subiectul-cheie de pe agend\u0103 a fost coordonarea tuturor ac\u021biunilor ce urmeaz\u0103 a fi realizate pentru a asigura buna func\u021bionare a acestor subdiviziuni ale Agen\u021biei servicii publice.<\/p>\n<p>Cristina Lesnic \u015fi Vitalii Ignatiev au vizitat ambele loca\u021bii unde vor fi deschise punctele men\u021bionate \u0219i au evaluat gradul de preg\u0103tire a acestora pentru desf\u0103\u0219urarea procedurilor de lucru.<\/p>\n<p>Participan\u021bii au subliniat importan\u021ba demar\u0103rii activit\u0103\u021bii acestor puncte de \u00eenmatriculare \u00een termenul stabilit, pentru a asigura implementarea celor convenite la masa de negocieri, \u00een vederea apropierii celor dou\u0103 maluri ale Nistrului.<\/p>\n<p>Textul complet:\u00a0<a href=\"http:\/\/www.infotag.md\/rebelion-ro\/266151\/\">http:\/\/www.infotag.md<\/a><\/p>\n","protected":false},"excerpt":{"rendered":"<p>\u00cencep\u00e2nd cu 1 septembrie, mijloacele de transport din regiunea transnistrean\u0103 vor fi \u00eenmatriculate cu numere neutre. Pentru \u00eenceput, eliberarea pl\u0103cu\u021belor se va realiza \u00een regim de testare, \u00een punctele de \u00eentegistrare a autovehiculelor din Tiraspol \u0219i R\u00eebni\u021ba. Potrivit agen\u021biei INFOTAG, cu referire la Ministerul de Externe al autoproclamatei RMN, o decizie \u00een acest sens a&#8230;<\/p>\n","protected":false},"author":2,"featured_media":0,"comment_status":"closed","ping_status":"open","sticky":false,"template":"","format":"standard","meta":[],"categories":[1],"tags":[],"_links":{"self":[{"href":"https:\/\/centers.ulbsibiu.ro\/ccsprise\/lact\/wp-json\/wp\/v2\/posts\/5303"}],"collection":[{"href":"https:\/\/centers.ulbsibiu.ro\/ccsprise\/lact\/wp-json\/wp\/v2\/posts"}],"about":[{"href":"https:\/\/centers.ulbsibiu.ro\/ccsprise\/lact\/wp-json\/wp\/v2\/types\/post"}],"author":[{"embeddable":true,"href":"https:\/\/centers.ulbsibiu.ro\/ccsprise\/lact\/wp-json\/wp\/v2\/users\/2"}],"replies":[{"embeddable":true,"href":"https:\/\/centers.ulbsibiu.ro\/ccsprise\/lact\/wp-json\/wp\/v2\/comments?post=5303"}],"version-history":[{"count":1,"href":"https:\/\/centers.ulbsibiu.ro\/ccsprise\/lact\/wp-json\/wp\/v2\/posts\/5303\/revisions"}],"predecessor-version":[{"id":5304,"href":"https:\/\/centers.ulbsibiu.ro\/ccsprise\/lact\/wp-json\/wp\/v2\/posts\/5303\/revisions\/5304"}],"wp:attachment":[{"href":"https:\/\/centers.ulbsibiu.ro\/ccsprise\/lact\/wp-json\/wp\/v2\/media?parent=5303"}],"wp:term":[{"taxonomy":"category","embeddable":true,"href":"https:\/\/centers.ulbsibiu.ro\/ccsprise\/lact\/wp-json\/wp\/v2\/categories?post=5303"},{"taxonomy":"post_tag","embeddable":true,"href":"https:\/\/centers.ulbsibiu.ro\/ccsprise\/lact\/wp-json\/wp\/v2\/tags?post=5303"}],"curies":[{"name":"wp","href":"https:\/\/api.w.org\/{rel}","templated":true}]}}