{"id":5299,"date":"2018-08-25T17:28:59","date_gmt":"2018-08-25T15:28:59","guid":{"rendered":"https:\/\/centers.ulbsibiu.ro\/ccsprise\/lact\/?p=5299"},"modified":"2018-08-25T17:28:59","modified_gmt":"2018-08-25T15:28:59","slug":"gov-md-intrevederea-viceprim-ministrului-cristina-lesnic-cu-sefa-oficiului-de-legatura-nato-in-republica-moldova-kristina-baleisyte","status":"publish","type":"post","link":"https:\/\/centers.ulbsibiu.ro\/ccsprise\/lact\/gov-md-intrevederea-viceprim-ministrului-cristina-lesnic-cu-sefa-oficiului-de-legatura-nato-in-republica-moldova-kristina-baleisyte\/","title":{"rendered":"Gov.md &#8211; \u00centrevederea Viceprim-ministrului Cristina Lesnic cu \u0218efa Oficiului de Leg\u0103tur\u0103 NATO \u00een Republica Moldova Kristina Baleisyte"},"content":{"rendered":"<p>Viceprim-ministrul Cristina Lesnic a avut o \u00eentrevedere ast\u0103zi cu \u0218efa Oficiului de Leg\u0103tur\u0103 NATO \u00een Republica Moldova Kristina Baleisyte.<\/p>\n<p>\u00centrevederea a avut un caracter informativ, ambele p\u0103r\u021bi stabilind priorit\u0103\u021bile de cooperare pe termen scurt \u0219i mediu.<\/p>\n<p>Principalul subiect abordat \u021bine de realizarea Programului na\u021bional de implementare a Rezolu\u021biei 1325 a Consiliului de Securitate al ONU privind femeile, pacea \u0219i securitatea pentru anii 2018-2021 \u0219i a Planului de ac\u021biuni cu privire la punerea \u00een aplicare al acestuia. \u00cen acest sens, Vicepremierul a notat eforturile demarate de c\u0103tre Guvern la acest capitol dar \u0219i a men\u021bionat obiectivele din timpul apropiat, printre care sporirea prezen\u021bei la nivel na\u021bional \u0219i interna\u021bional a femeilor militari \u00een cadrul misiunilor de pacificare, precum \u0219i integrarea pe criteriul de profesionalism a c\u00e2t mai multe reprezentate ale genului feminin \u00een func\u021biile de conducere a structurilor de for\u021b\u0103 din Republica Moldova.<\/p>\n<p>Dna Cristina Lesnic a mai punctat c\u0103 este \u00eembucur\u0103tor faptul cre\u0219terii continue a impactului mediatic al subiectelor privind Rezolu\u021bia 1325 \u0219i c\u0103 rezultatele \u00eentru implementarea acestei rezolu\u021bii sunt vizibil mai bune.<\/p>\n<p>La final, p\u0103r\u021bile au consemnat necesitatea continu\u0103rii eforturilor comune la acest subiect specific\u00e2nd c\u0103 vor fi demarate ac\u021biuni \u00een timpul apropiat, menite s\u0103 \u00eembun\u0103t\u0103\u021beasc\u0103 acest aspect \u0219i s\u0103 sensibilizeze opinia public\u0103.<\/p>\n<p>Sursa:\u00a0<a href=\"https:\/\/gov.md\/ro\/content\/intrevederea-viceprim-ministrului-cristina-lesnic-cu-sefa-oficiului-de-legatura-nato\">https:\/\/gov.md<\/a><\/p>\n","protected":false},"excerpt":{"rendered":"<p>Viceprim-ministrul Cristina Lesnic a avut o \u00eentrevedere ast\u0103zi cu \u0218efa Oficiului de Leg\u0103tur\u0103 NATO \u00een Republica Moldova Kristina Baleisyte. \u00centrevederea a avut un caracter informativ, ambele p\u0103r\u021bi stabilind priorit\u0103\u021bile de cooperare pe termen scurt \u0219i mediu. Principalul subiect abordat \u021bine de realizarea Programului na\u021bional de implementare a Rezolu\u021biei 1325 a Consiliului de Securitate al ONU&#8230;<\/p>\n","protected":false},"author":2,"featured_media":0,"comment_status":"closed","ping_status":"open","sticky":false,"template":"","format":"standard","meta":[],"categories":[1],"tags":[],"_links":{"self":[{"href":"https:\/\/centers.ulbsibiu.ro\/ccsprise\/lact\/wp-json\/wp\/v2\/posts\/5299"}],"collection":[{"href":"https:\/\/centers.ulbsibiu.ro\/ccsprise\/lact\/wp-json\/wp\/v2\/posts"}],"about":[{"href":"https:\/\/centers.ulbsibiu.ro\/ccsprise\/lact\/wp-json\/wp\/v2\/types\/post"}],"author":[{"embeddable":true,"href":"https:\/\/centers.ulbsibiu.ro\/ccsprise\/lact\/wp-json\/wp\/v2\/users\/2"}],"replies":[{"embeddable":true,"href":"https:\/\/centers.ulbsibiu.ro\/ccsprise\/lact\/wp-json\/wp\/v2\/comments?post=5299"}],"version-history":[{"count":1,"href":"https:\/\/centers.ulbsibiu.ro\/ccsprise\/lact\/wp-json\/wp\/v2\/posts\/5299\/revisions"}],"predecessor-version":[{"id":5300,"href":"https:\/\/centers.ulbsibiu.ro\/ccsprise\/lact\/wp-json\/wp\/v2\/posts\/5299\/revisions\/5300"}],"wp:attachment":[{"href":"https:\/\/centers.ulbsibiu.ro\/ccsprise\/lact\/wp-json\/wp\/v2\/media?parent=5299"}],"wp:term":[{"taxonomy":"category","embeddable":true,"href":"https:\/\/centers.ulbsibiu.ro\/ccsprise\/lact\/wp-json\/wp\/v2\/categories?post=5299"},{"taxonomy":"post_tag","embeddable":true,"href":"https:\/\/centers.ulbsibiu.ro\/ccsprise\/lact\/wp-json\/wp\/v2\/tags?post=5299"}],"curies":[{"name":"wp","href":"https:\/\/api.w.org\/{rel}","templated":true}]}}